{"id":987,"date":"2021-01-08T19:15:53","date_gmt":"2021-01-08T22:15:53","guid":{"rendered":"http:\/\/cultura.sma.gob.ar\/?p=987"},"modified":"2021-01-08T19:15:53","modified_gmt":"2021-01-08T22:15:53","slug":"talleres-de-verano-croquiseros-urbanos","status":"publish","type":"post","link":"https:\/\/cultura.sma.gob.ar\/?p=987","title":{"rendered":"Talleres de verano: Croquiseros urbanos"},"content":{"rendered":"\n<figure class=\"wp-block-image size-large\"><img loading=\"lazy\" decoding=\"async\" width=\"1024\" height=\"1024\" src=\"http:\/\/cultura.sma.gob.ar\/wp-content\/uploads\/2021\/01\/talleres_municipales_nuevo-branding-01-1024x1024.jpg\" alt=\"\" class=\"wp-image-988\" srcset=\"https:\/\/cultura.sma.gob.ar\/wp-content\/uploads\/2021\/01\/talleres_municipales_nuevo-branding-01-1024x1024.jpg 1024w, https:\/\/cultura.sma.gob.ar\/wp-content\/uploads\/2021\/01\/talleres_municipales_nuevo-branding-01-300x300.jpg 300w, https:\/\/cultura.sma.gob.ar\/wp-content\/uploads\/2021\/01\/talleres_municipales_nuevo-branding-01-150x150.jpg 150w, https:\/\/cultura.sma.gob.ar\/wp-content\/uploads\/2021\/01\/talleres_municipales_nuevo-branding-01-768x768.jpg 768w, https:\/\/cultura.sma.gob.ar\/wp-content\/uploads\/2021\/01\/talleres_municipales_nuevo-branding-01-1536x1536.jpg 1536w, https:\/\/cultura.sma.gob.ar\/wp-content\/uploads\/2021\/01\/talleres_municipales_nuevo-branding-01-90x90.jpg 90w, https:\/\/cultura.sma.gob.ar\/wp-content\/uploads\/2021\/01\/talleres_municipales_nuevo-branding-01.jpg 1875w\" sizes=\"auto, (max-width: 1024px) 100vw, 1024px\" \/><\/figure>\n\n\n\n<p>La Secretar\u00eda de Cultura invita a participar del <strong>Taller de Croquiseros Urbanos<\/strong>, una nueva actividad destinada a j\u00f3venes y adultos con conocimientos b\u00e1sicos de dibujo. <strong>La propuesta consiste en retratar <\/strong><strong><em>in situ<\/em><\/strong><strong> edificios hist\u00f3ricos y lugares caracter\u00edsticos de nuestra ciudad<\/strong>. Una forma diferente de redescubrir nuestro patrimonio cultural urbano.<\/p>\n\n\n\n<p>El taller comenzar\u00e1 el pr\u00f3ximo viernes 15 de enero, a las 18:00, y continuar\u00e1 todos los viernes de enero y febrero. El punto de encuentro ser\u00e1 la Sala de Exposiciones Lidaura Chapitel (Cap. Drury 665).<\/p>\n\n\n\n<p>Estar\u00e1 coordinado por Federico Peralta Godoy, profesor y licenciado en artes pl\u00e1sticas, y contar\u00e1 tambi\u00e9n con la participaci\u00f3n del \u00e1rea de Patrimonio Hist\u00f3rico de la Secretar\u00eda de Cultura, arquitectos y propietarios o referentes de los lugares a dibujar.<\/p>\n\n\n\n<p>Los elementos que deben traer para participar son: cuadernillo, l\u00e1piz, carbonilla u otra cosa que utilicen.&nbsp;<\/p>\n\n\n\n<p>Para m\u00e1s informaci\u00f3n y para inscribirse en este taller deben enviar un correo a <a href=\"mailto:talleres.cultura@smandes.gov.ar\">talleres.cultura@smandes.gov.ar<\/a> o llamando al 424-804.<\/p>\n","protected":false},"excerpt":{"rendered":"<p>Los viernes a las 18hs <a href=\"https:\/\/cultura.sma.gob.ar\/?p=987\" class=\"more-link\">Continue reading <span class=\"screen-reader-text\">Talleres de verano: Croquiseros urbanos<\/span><\/a><\/p>\n","protected":false},"author":1,"featured_media":293,"comment_status":"closed","ping_status":"","sticky":false,"template":"","format":"image","meta":{"footnotes":""},"categories":[7,9],"tags":[],"class_list":["post-987","post","type-post","status-publish","format-image","has-post-thumbnail","hentry","category-talleres-cultura","category-ultimas-noticias","post_format-post-format-image"],"_links":{"self":[{"href":"https:\/\/cultura.sma.gob.ar\/index.php?rest_route=\/wp\/v2\/posts\/987","targetHints":{"allow":["GET"]}}],"collection":[{"href":"https:\/\/cultura.sma.gob.ar\/index.php?rest_route=\/wp\/v2\/posts"}],"about":[{"href":"https:\/\/cultura.sma.gob.ar\/index.php?rest_route=\/wp\/v2\/types\/post"}],"author":[{"embeddable":true,"href":"https:\/\/cultura.sma.gob.ar\/index.php?rest_route=\/wp\/v2\/users\/1"}],"replies":[{"embeddable":true,"href":"https:\/\/cultura.sma.gob.ar\/index.php?rest_route=%2Fwp%2Fv2%2Fcomments&post=987"}],"version-history":[{"count":1,"href":"https:\/\/cultura.sma.gob.ar\/index.php?rest_route=\/wp\/v2\/posts\/987\/revisions"}],"predecessor-version":[{"id":989,"href":"https:\/\/cultura.sma.gob.ar\/index.php?rest_route=\/wp\/v2\/posts\/987\/revisions\/989"}],"wp:featuredmedia":[{"embeddable":true,"href":"https:\/\/cultura.sma.gob.ar\/index.php?rest_route=\/wp\/v2\/media\/293"}],"wp:attachment":[{"href":"https:\/\/cultura.sma.gob.ar\/index.php?rest_route=%2Fwp%2Fv2%2Fmedia&parent=987"}],"wp:term":[{"taxonomy":"category","embeddable":true,"href":"https:\/\/cultura.sma.gob.ar\/index.php?rest_route=%2Fwp%2Fv2%2Fcategories&post=987"},{"taxonomy":"post_tag","embeddable":true,"href":"https:\/\/cultura.sma.gob.ar\/index.php?rest_route=%2Fwp%2Fv2%2Ftags&post=987"}],"curies":[{"name":"wp","href":"https:\/\/api.w.org\/{rel}","templated":true}]}}