{"id":975,"date":"2021-01-08T10:18:06","date_gmt":"2021-01-08T13:18:06","guid":{"rendered":"http:\/\/cultura.sma.gob.ar\/?p=975"},"modified":"2021-01-08T10:21:11","modified_gmt":"2021-01-08T13:21:11","slug":"975","status":"publish","type":"post","link":"https:\/\/cultura.sma.gob.ar\/?p=975","title":{"rendered":"&#8220;Cuatro estaciones&#8221; &#8211; Paradise Ballet"},"content":{"rendered":"\n<div class=\"wp-block-jetpack-slideshow aligncenter\" data-effect=\"slide\"><div class=\"wp-block-jetpack-slideshow_container swiper-container\"><ul class=\"wp-block-jetpack-slideshow_swiper-wrapper swiper-wrapper\"><li class=\"wp-block-jetpack-slideshow_slide swiper-slide\"><figure><img loading=\"lazy\" decoding=\"async\" width=\"724\" height=\"1024\" alt=\"\" class=\"wp-block-jetpack-slideshow_image wp-image-976\" data-id=\"976\" src=\"http:\/\/cultura.sma.gob.ar\/wp-content\/uploads\/2021\/01\/Las-cuatro-estaciones-Flyer-4-724x1024.jpg\" srcset=\"https:\/\/cultura.sma.gob.ar\/wp-content\/uploads\/2021\/01\/Las-cuatro-estaciones-Flyer-4-724x1024.jpg 724w, https:\/\/cultura.sma.gob.ar\/wp-content\/uploads\/2021\/01\/Las-cuatro-estaciones-Flyer-4-212x300.jpg 212w, https:\/\/cultura.sma.gob.ar\/wp-content\/uploads\/2021\/01\/Las-cuatro-estaciones-Flyer-4-768x1087.jpg 768w, https:\/\/cultura.sma.gob.ar\/wp-content\/uploads\/2021\/01\/Las-cuatro-estaciones-Flyer-4-64x90.jpg 64w, https:\/\/cultura.sma.gob.ar\/wp-content\/uploads\/2021\/01\/Las-cuatro-estaciones-Flyer-4.jpg 793w\" sizes=\"auto, (max-width: 724px) 100vw, 724px\" \/><\/figure><\/li><li class=\"wp-block-jetpack-slideshow_slide swiper-slide\"><figure><img loading=\"lazy\" decoding=\"async\" width=\"724\" height=\"1024\" alt=\"\" class=\"wp-block-jetpack-slideshow_image wp-image-977\" data-id=\"977\" src=\"http:\/\/cultura.sma.gob.ar\/wp-content\/uploads\/2021\/01\/Las-cuatro-estaciones-Flyer-3-724x1024.jpg\" srcset=\"https:\/\/cultura.sma.gob.ar\/wp-content\/uploads\/2021\/01\/Las-cuatro-estaciones-Flyer-3-724x1024.jpg 724w, https:\/\/cultura.sma.gob.ar\/wp-content\/uploads\/2021\/01\/Las-cuatro-estaciones-Flyer-3-212x300.jpg 212w, https:\/\/cultura.sma.gob.ar\/wp-content\/uploads\/2021\/01\/Las-cuatro-estaciones-Flyer-3-768x1087.jpg 768w, https:\/\/cultura.sma.gob.ar\/wp-content\/uploads\/2021\/01\/Las-cuatro-estaciones-Flyer-3-64x90.jpg 64w, https:\/\/cultura.sma.gob.ar\/wp-content\/uploads\/2021\/01\/Las-cuatro-estaciones-Flyer-3.jpg 793w\" sizes=\"auto, (max-width: 724px) 100vw, 724px\" \/><\/figure><\/li><li class=\"wp-block-jetpack-slideshow_slide swiper-slide\"><figure><img loading=\"lazy\" decoding=\"async\" width=\"724\" height=\"1024\" alt=\"\" class=\"wp-block-jetpack-slideshow_image wp-image-978\" data-id=\"978\" src=\"http:\/\/cultura.sma.gob.ar\/wp-content\/uploads\/2021\/01\/Las-cuatro-estaciones-Flyer-2-724x1024.jpg\" srcset=\"https:\/\/cultura.sma.gob.ar\/wp-content\/uploads\/2021\/01\/Las-cuatro-estaciones-Flyer-2-724x1024.jpg 724w, https:\/\/cultura.sma.gob.ar\/wp-content\/uploads\/2021\/01\/Las-cuatro-estaciones-Flyer-2-212x300.jpg 212w, https:\/\/cultura.sma.gob.ar\/wp-content\/uploads\/2021\/01\/Las-cuatro-estaciones-Flyer-2-768x1087.jpg 768w, https:\/\/cultura.sma.gob.ar\/wp-content\/uploads\/2021\/01\/Las-cuatro-estaciones-Flyer-2-64x90.jpg 64w, https:\/\/cultura.sma.gob.ar\/wp-content\/uploads\/2021\/01\/Las-cuatro-estaciones-Flyer-2.jpg 793w\" sizes=\"auto, (max-width: 724px) 100vw, 724px\" \/><\/figure><\/li><li class=\"wp-block-jetpack-slideshow_slide swiper-slide\"><figure><img loading=\"lazy\" decoding=\"async\" width=\"724\" height=\"1024\" alt=\"\" class=\"wp-block-jetpack-slideshow_image wp-image-979\" data-id=\"979\" src=\"http:\/\/cultura.sma.gob.ar\/wp-content\/uploads\/2021\/01\/Las-cuatro-estaciones-Flyer-1-724x1024.jpg\" srcset=\"https:\/\/cultura.sma.gob.ar\/wp-content\/uploads\/2021\/01\/Las-cuatro-estaciones-Flyer-1-724x1024.jpg 724w, https:\/\/cultura.sma.gob.ar\/wp-content\/uploads\/2021\/01\/Las-cuatro-estaciones-Flyer-1-212x300.jpg 212w, https:\/\/cultura.sma.gob.ar\/wp-content\/uploads\/2021\/01\/Las-cuatro-estaciones-Flyer-1-768x1087.jpg 768w, https:\/\/cultura.sma.gob.ar\/wp-content\/uploads\/2021\/01\/Las-cuatro-estaciones-Flyer-1-64x90.jpg 64w, https:\/\/cultura.sma.gob.ar\/wp-content\/uploads\/2021\/01\/Las-cuatro-estaciones-Flyer-1.jpg 793w\" sizes=\"auto, (max-width: 724px) 100vw, 724px\" \/><\/figure><\/li><\/ul><a class=\"wp-block-jetpack-slideshow_button-prev swiper-button-prev swiper-button-white\" role=\"button\"><\/a><a class=\"wp-block-jetpack-slideshow_button-next swiper-button-next swiper-button-white\" role=\"button\"><\/a><a aria-label=\"Pause Slideshow\" class=\"wp-block-jetpack-slideshow_button-pause\" role=\"button\"><\/a><div class=\"wp-block-jetpack-slideshow_pagination swiper-pagination swiper-pagination-white\"><\/div><\/div><\/div>\n\n\n\n<p>\u00a1Vuelven los espect\u00e1culos presenciales al Centro Cultural Cotesma!<br>El pr\u00f3ximo jueves 14, viernes 15 y s\u00e1bado 16 de enero a las 20hs, nuestra querida y renovada Sala Amankay brillar\u00e1 al ritmo de \u201cLAS CUATRO ESTACIONES\u201d de Paradise Ballet.<\/p>\n\n\n\n<p>Con cupos limitados y todos los protocolos vigentes, volvemos a recibir p\u00fablico en nuestra sala.<\/p>\n\n\n\n<p>\u201cLas cuatro estaciones\u201d es una obra de danza contempor\u00e1nea en las que cuatro hermanas encarnan las cuatro estaciones.<br>Se enfrentar\u00e1n al viento del norte que intentar\u00e1 arrebatarles el poder intentando raptar a una de ellas.<br>Primavera recorrer\u00e1 un largo camino para tratar de salvar las estaciones con ayuda de sus hermanas, los cazadores y otros personajes que llegar\u00e1n de otro mundo a darle avisos y ayuda para poder continuar el ciclo de las cuatro estaciones.<\/p>\n\n\n\n<p>En escena el elenco de Paradise Ballet:<br>Catalina Alfaro (primavera)<br>Valentina Rodr\u00edguez (invierno)<br>Martina Curruhinca (verano)<br>Julieta Bina (oto\u00f1o)<\/p>\n\n\n\n<p>Matias Bohn (viento del norte)<br>Abril Casanova, Katherina Gomez y Ana Faundez (apolas)<br>Victoria Seery, Indra Arias, Milena Vilchez, Malena Urretabizcaya (bestias)<br>Alice Osbando, Leonel Prada, Guadalupe Mariosa, Candela Feryala, Maite Berninzoni, Zoe Vasallo.<\/p>\n\n\n\n<p>Direcci\u00f3n y coreograf\u00eda: Natalia Lamberti<br>Idea original: Natalia Lamberti\/ Neftali Villalba.<\/p>\n\n\n\n<p>Importante: la obra se realizar\u00e1 con distintos repartos dependiendo de la fecha.<\/p>\n\n\n\n<p>La venta de entradas se realizar\u00e1 de la siguiente manera:<br>Viernes 08 y S\u00e1bado 09 de 18hs a 21hs para quienes est\u00e9n en la lista suministrada por Paradise Ballet; y a partir del martes 12, tambi\u00e9n de 18hs a 21hs, abierta al p\u00fablico hasta agotar los cupos disponibles por protocolo.<\/p>\n\n\n\n<p>Anticipadas: $400 \u2013 Mismo D\u00eda de la Funci\u00f3n $500.-<\/p>\n\n\n\n<p>*La realizaci\u00f3n del espect\u00e1culo est\u00e1 sujeta a las disposiciones sanitarias municipales.<\/p>\n","protected":false},"excerpt":{"rendered":"<p>El pr\u00f3ximo jueves 14, viernes 15 y s\u00e1bado 16 de enero a las 20hs, <a href=\"https:\/\/cultura.sma.gob.ar\/?p=975\" class=\"more-link\">Continue reading <span class=\"screen-reader-text\">&#8220;Cuatro estaciones&#8221; &#8211; Paradise Ballet<\/span><\/a><\/p>\n","protected":false},"author":1,"featured_media":297,"comment_status":"closed","ping_status":"","sticky":false,"template":"","format":"image","meta":{"footnotes":""},"categories":[2,9],"tags":[],"class_list":["post-975","post","type-post","status-publish","format-image","has-post-thumbnail","hentry","category-ciudad-cultural","category-ultimas-noticias","post_format-post-format-image"],"_links":{"self":[{"href":"https:\/\/cultura.sma.gob.ar\/index.php?rest_route=\/wp\/v2\/posts\/975","targetHints":{"allow":["GET"]}}],"collection":[{"href":"https:\/\/cultura.sma.gob.ar\/index.php?rest_route=\/wp\/v2\/posts"}],"about":[{"href":"https:\/\/cultura.sma.gob.ar\/index.php?rest_route=\/wp\/v2\/types\/post"}],"author":[{"embeddable":true,"href":"https:\/\/cultura.sma.gob.ar\/index.php?rest_route=\/wp\/v2\/users\/1"}],"replies":[{"embeddable":true,"href":"https:\/\/cultura.sma.gob.ar\/index.php?rest_route=%2Fwp%2Fv2%2Fcomments&post=975"}],"version-history":[{"count":2,"href":"https:\/\/cultura.sma.gob.ar\/index.php?rest_route=\/wp\/v2\/posts\/975\/revisions"}],"predecessor-version":[{"id":981,"href":"https:\/\/cultura.sma.gob.ar\/index.php?rest_route=\/wp\/v2\/posts\/975\/revisions\/981"}],"wp:featuredmedia":[{"embeddable":true,"href":"https:\/\/cultura.sma.gob.ar\/index.php?rest_route=\/wp\/v2\/media\/297"}],"wp:attachment":[{"href":"https:\/\/cultura.sma.gob.ar\/index.php?rest_route=%2Fwp%2Fv2%2Fmedia&parent=975"}],"wp:term":[{"taxonomy":"category","embeddable":true,"href":"https:\/\/cultura.sma.gob.ar\/index.php?rest_route=%2Fwp%2Fv2%2Fcategories&post=975"},{"taxonomy":"post_tag","embeddable":true,"href":"https:\/\/cultura.sma.gob.ar\/index.php?rest_route=%2Fwp%2Fv2%2Ftags&post=975"}],"curies":[{"name":"wp","href":"https:\/\/api.w.org\/{rel}","templated":true}]}}