{"id":972,"date":"2021-01-08T10:11:06","date_gmt":"2021-01-08T13:11:06","guid":{"rendered":"http:\/\/cultura.sma.gob.ar\/?p=972"},"modified":"2021-01-08T10:11:06","modified_gmt":"2021-01-08T13:11:06","slug":"workshops-en-el-centro-cultural-cotesma","status":"publish","type":"post","link":"https:\/\/cultura.sma.gob.ar\/?p=972","title":{"rendered":"Workshops en el Centro Cultural Cotesma"},"content":{"rendered":"\n<figure class=\"wp-block-image size-large\"><img loading=\"lazy\" decoding=\"async\" width=\"731\" height=\"1024\" src=\"http:\/\/cultura.sma.gob.ar\/wp-content\/uploads\/2021\/01\/WORKSHOPS-JARDINERIA-VERANO-2021-SMA-731x1024.jpg\" alt=\"\" class=\"wp-image-973\" srcset=\"https:\/\/cultura.sma.gob.ar\/wp-content\/uploads\/2021\/01\/WORKSHOPS-JARDINERIA-VERANO-2021-SMA-731x1024.jpg 731w, https:\/\/cultura.sma.gob.ar\/wp-content\/uploads\/2021\/01\/WORKSHOPS-JARDINERIA-VERANO-2021-SMA-214x300.jpg 214w, https:\/\/cultura.sma.gob.ar\/wp-content\/uploads\/2021\/01\/WORKSHOPS-JARDINERIA-VERANO-2021-SMA-64x90.jpg 64w, https:\/\/cultura.sma.gob.ar\/wp-content\/uploads\/2021\/01\/WORKSHOPS-JARDINERIA-VERANO-2021-SMA.jpg 750w\" sizes=\"auto, (max-width: 731px) 100vw, 731px\" \/><\/figure>\n\n\n\n<p>El pr\u00f3ximo mi\u00e9rcoles 13, jueves 14 y viernes 15 de enero, de 18hs a 20hs en la Sala G\u00fcnther Blaas de nuestro querido Centro Cultural Cotesma, Adriana Verdini (T\u00e9cnica en Jardiner\u00eda y Floricultura U.N.C.) realizar\u00e1 un imperdible Workshop de Verano en \u201cT\u00c9CNICAS DE JARDINER\u00cdA PARA INTERIOR\u201d.<\/p>\n\n\n\n<p>La modalidad del mismo es presencial con cupos limitados y con todos los protocolos sanitarios necesarios para el cuidado de todos los asistentes.<br>El uso del tapabocas es obligatorio.<\/p>\n\n\n\n<p>Este ciclo de talleres de Jardiner\u00eda tiene como objetivo generar nuevos espacios de contacto con la naturaleza, tan necesarios, en este contexto de pandemia, y concientizar sobre los servicios ambientales de los espacios verdes a escala jard\u00edn, tanto en exterior como en interior.<br>Estos talleres son pr\u00e1cticos, cada tallerista aprende una t\u00e9cnica de jardiner\u00eda y se lleva a su casa lo realizado en clase.<br>Los materiales est\u00e1n incluidos y no son necesarios conocimientos previos.<br><br>El ciclo consta de tres talleres donde aprender\u00e1n a realizar KOKEDAMAS, TERRARIOS Y CUADROS VIVOS, tres t\u00e9cnicas de jardiner\u00eda para interior y su mantenimiento posterior. Los talleres se pueden tomar por separado, o de a dos, o realizar el seminario completo.<\/p>\n\n\n\n<p>Informes:&nbsp;<a href=\"https:\/\/correo.smandes.gov.ar\/owa\/redir.aspx?C=4ecdc0eec60048e087e580bda7d40137&amp;URL=mailto%3aespinalcba%40gmail.com\">espinalcba@gmail.com<\/a>; 3516341574<br>Formulario de Inscripci\u00f3n<\/p>\n\n\n\n<p><a href=\"https:\/\/correo.smandes.gov.ar\/owa\/redir.aspx?C=4ecdc0eec60048e087e580bda7d40137&amp;URL=https%3a%2f%2fforms.gle%2fvqfwLHVueCte2Bv96\" target=\"_blank\" rel=\"noreferrer noopener\">https:\/\/forms.gle\/vqfwLHVueCte2Bv96<\/a><br><br>Acerca de la capacitadora:<br>Egresada de la Tecnicatura Universitaria en Jardiner\u00eda y Floricultura de la Universidad Nacional de C\u00f3rdoba. Diplomada en Territorio, Ambiente y Conservaci\u00f3n.<br>Docente de la Tecnicatura y Capacitadora en el curso Mantenimiento de Parques y Jardines, de la Escuela de Oficios de la UNC.<br>Se desempe\u00f1a, adem\u00e1s, como tallerista en \u00e1mbitos privados y p\u00fablicos, en forma presencial y virtual.<br>Es fundadora de la Consultora Espinal, dedicada crear jardines y huertas biodiversas y regenerativas.<br>Realiza consultor\u00edas y asesoramientos a municipios y clientes privados sobre paisaje y espacios verdes.<\/p>\n","protected":false},"excerpt":{"rendered":"<p>Mi\u00e9rcoles 13, jueves 14 y viernes 15 de enero. <a href=\"https:\/\/cultura.sma.gob.ar\/?p=972\" class=\"more-link\">Continue reading <span class=\"screen-reader-text\">Workshops en el Centro Cultural Cotesma<\/span><\/a><\/p>\n","protected":false},"author":1,"featured_media":297,"comment_status":"closed","ping_status":"","sticky":false,"template":"","format":"image","meta":{"footnotes":""},"categories":[2,9],"tags":[],"class_list":["post-972","post","type-post","status-publish","format-image","has-post-thumbnail","hentry","category-ciudad-cultural","category-ultimas-noticias","post_format-post-format-image"],"_links":{"self":[{"href":"https:\/\/cultura.sma.gob.ar\/index.php?rest_route=\/wp\/v2\/posts\/972","targetHints":{"allow":["GET"]}}],"collection":[{"href":"https:\/\/cultura.sma.gob.ar\/index.php?rest_route=\/wp\/v2\/posts"}],"about":[{"href":"https:\/\/cultura.sma.gob.ar\/index.php?rest_route=\/wp\/v2\/types\/post"}],"author":[{"embeddable":true,"href":"https:\/\/cultura.sma.gob.ar\/index.php?rest_route=\/wp\/v2\/users\/1"}],"replies":[{"embeddable":true,"href":"https:\/\/cultura.sma.gob.ar\/index.php?rest_route=%2Fwp%2Fv2%2Fcomments&post=972"}],"version-history":[{"count":1,"href":"https:\/\/cultura.sma.gob.ar\/index.php?rest_route=\/wp\/v2\/posts\/972\/revisions"}],"predecessor-version":[{"id":974,"href":"https:\/\/cultura.sma.gob.ar\/index.php?rest_route=\/wp\/v2\/posts\/972\/revisions\/974"}],"wp:featuredmedia":[{"embeddable":true,"href":"https:\/\/cultura.sma.gob.ar\/index.php?rest_route=\/wp\/v2\/media\/297"}],"wp:attachment":[{"href":"https:\/\/cultura.sma.gob.ar\/index.php?rest_route=%2Fwp%2Fv2%2Fmedia&parent=972"}],"wp:term":[{"taxonomy":"category","embeddable":true,"href":"https:\/\/cultura.sma.gob.ar\/index.php?rest_route=%2Fwp%2Fv2%2Fcategories&post=972"},{"taxonomy":"post_tag","embeddable":true,"href":"https:\/\/cultura.sma.gob.ar\/index.php?rest_route=%2Fwp%2Fv2%2Ftags&post=972"}],"curies":[{"name":"wp","href":"https:\/\/api.w.org\/{rel}","templated":true}]}}