{"id":943,"date":"2021-01-05T09:54:02","date_gmt":"2021-01-05T12:54:02","guid":{"rendered":"http:\/\/cultura.sma.gob.ar\/?p=943"},"modified":"2021-01-06T09:30:15","modified_gmt":"2021-01-06T12:30:15","slug":"dos-mundos-dos-pintores-nueva-muestra-en-la-sala-lidaura-chapitel","status":"publish","type":"post","link":"https:\/\/cultura.sma.gob.ar\/?p=943","title":{"rendered":"\u201cDOS MUNDOS, DOS PINTORES\u201d: NUEVA MUESTRA EN LA SALA LIDAURA CHAPITEL"},"content":{"rendered":"\n<figure class=\"wp-block-gallery columns-2 is-cropped wp-block-gallery-1 is-layout-flex wp-block-gallery-is-layout-flex\"><ul class=\"blocks-gallery-grid\"><li class=\"blocks-gallery-item\"><figure><img loading=\"lazy\" decoding=\"async\" width=\"1024\" height=\"1024\" src=\"http:\/\/cultura.sma.gob.ar\/wp-content\/uploads\/2021\/01\/posteo-1-enero-1024x1024.jpg\" alt=\"\" data-id=\"944\" data-link=\"http:\/\/cultura.sma.gob.ar\/?attachment_id=944\" class=\"wp-image-944\" srcset=\"https:\/\/cultura.sma.gob.ar\/wp-content\/uploads\/2021\/01\/posteo-1-enero-1024x1024.jpg 1024w, https:\/\/cultura.sma.gob.ar\/wp-content\/uploads\/2021\/01\/posteo-1-enero-300x300.jpg 300w, https:\/\/cultura.sma.gob.ar\/wp-content\/uploads\/2021\/01\/posteo-1-enero-150x150.jpg 150w, https:\/\/cultura.sma.gob.ar\/wp-content\/uploads\/2021\/01\/posteo-1-enero-768x768.jpg 768w, https:\/\/cultura.sma.gob.ar\/wp-content\/uploads\/2021\/01\/posteo-1-enero-1536x1536.jpg 1536w, https:\/\/cultura.sma.gob.ar\/wp-content\/uploads\/2021\/01\/posteo-1-enero-90x90.jpg 90w, https:\/\/cultura.sma.gob.ar\/wp-content\/uploads\/2021\/01\/posteo-1-enero.jpg 1875w\" sizes=\"auto, (max-width: 1024px) 100vw, 1024px\" \/><\/figure><\/li><li class=\"blocks-gallery-item\"><figure><img loading=\"lazy\" decoding=\"async\" width=\"1024\" height=\"1024\" src=\"http:\/\/cultura.sma.gob.ar\/wp-content\/uploads\/2021\/01\/posteo-2-enero-1024x1024.jpg\" alt=\"\" data-id=\"945\" data-full-url=\"http:\/\/cultura.sma.gob.ar\/wp-content\/uploads\/2021\/01\/posteo-2-enero.jpg\" data-link=\"http:\/\/cultura.sma.gob.ar\/?attachment_id=945\" class=\"wp-image-945\" srcset=\"https:\/\/cultura.sma.gob.ar\/wp-content\/uploads\/2021\/01\/posteo-2-enero-1024x1024.jpg 1024w, https:\/\/cultura.sma.gob.ar\/wp-content\/uploads\/2021\/01\/posteo-2-enero-300x300.jpg 300w, https:\/\/cultura.sma.gob.ar\/wp-content\/uploads\/2021\/01\/posteo-2-enero-150x150.jpg 150w, https:\/\/cultura.sma.gob.ar\/wp-content\/uploads\/2021\/01\/posteo-2-enero-768x768.jpg 768w, https:\/\/cultura.sma.gob.ar\/wp-content\/uploads\/2021\/01\/posteo-2-enero-1536x1536.jpg 1536w, https:\/\/cultura.sma.gob.ar\/wp-content\/uploads\/2021\/01\/posteo-2-enero-90x90.jpg 90w, https:\/\/cultura.sma.gob.ar\/wp-content\/uploads\/2021\/01\/posteo-2-enero.jpg 1875w\" sizes=\"auto, (max-width: 1024px) 100vw, 1024px\" \/><\/figure><\/li><\/ul><\/figure>\n\n\n\n<p>El pr\u00f3ximo <strong>viernes 8 de enero<\/strong> la Sala Municipal de Exposiciones abre sus puertas para visitar una <strong>nueva muestra de pintura<\/strong>, propuesta por la Asociaci\u00f3n Amigos de la Sala Lidaura Chapitel. La misma se podr\u00e1 recorrer de<strong> lunes a viernes, de 17 a 21 hs<\/strong>.<\/p>\n\n\n\n<p><strong>Carlos Vidal y Hern\u00e1n Boan, <\/strong>los artistas cuyas obras se presentan en esta ocasi\u00f3n, pertenecen a la corriente art\u00edstica que sigue la l\u00ednea de la Historia de la Pintura a partir de sus grandes maestros.&nbsp;<\/p>\n\n\n\n<p>Carlos es un artista s\u00f3lido, reflexivo, de gran exigencia en su trabajo. Un dibujante y pintor excepcional.&nbsp; Hern\u00e1n es un artista que se dispone al impulso espont\u00e1neo, siempre po\u00e9tico.&nbsp; Gran colorista, con vuelo pict\u00f3rico en todo sentido.&nbsp; En cada uno de ellos, la obra es fuertemente expresiva y personal. Aut\u00e9ntica. De ah\u00ed su originalidad.&nbsp;<\/p>\n\n\n\n<p>Esperamos que puedan recorrer y disfrutar de esta nueva muestra, con entrada libre y gratuita, en Capit\u00e1n Drury 665.<\/p>\n\n\n\n<p>Sobre los artistas:<\/p>\n\n\n\n<p><strong>Carlos Vidal (Buenos Aires, 1970)<\/strong>: Realiz\u00f3 estudios de publicidad, dise\u00f1o y fotograf\u00eda. Se perfeccion\u00f3 en&nbsp; talleres con Ponciano C\u00e1rdenas, Keneth Kemble y Est\u00edmulo de Bellas Artes. Curs\u00f3 algunos a\u00f1os Bellas Artes en distintas escuelas: principalmente en la ENSBA Prilidiano Pueyrred\u00f3n de Bs. As., y despu\u00e9s en la Escuela Nacional de La Paz, Bolivia y en la Ecole des Beaux Arts de Paris, Francia.<\/p>\n\n\n\n<p>Particip\u00f3 en concursos y exposiciones de pintura, de fotograf\u00eda y public\u00f3 fotograf\u00edas en distintos medios (Centro Cultural Borges, Sal\u00f3n Patag\u00f3nico, Sala Municipal de Exposiciones Lidaura Chapitel, Clar\u00edn, revistas de Editorial Perfil y otros).<\/p>\n\n\n\n<p>Desde 2010 vive en San Mart\u00edn de los Andes y le dedica su tiempo principalmente a la pintura, la fotograf\u00eda y el deporte.<\/p>\n\n\n\n<p><strong>Hern\u00e1n Boan (Buenos Aires, 1981<\/strong>):Desarroll\u00f3 sus estudios secundarios en la ENSAM donde se inici\u00f3 en la pintura&nbsp; y la escenograf\u00eda.<\/p>\n\n\n\n<p>Se form\u00f3 como artista visual en la Escuela Nacional de Bellas Artes Manuel Belgrano (2000-2003) y en Instituto Nacional de Arte (2004-2007). Estudi\u00f3 pintura y dibujo con el artista Enrique Morales (2001-2002) y restauraci\u00f3n con Federico Poncerini (2003). Realiz\u00f3 seminarios con Antonio Puj\u00eda (2001-2005) y Osvaldo Attila (2005-2006). Fue ayudante del escultor H\u00e9ctor Linares (2000-2001).<\/p>\n\n\n\n<p>Particip\u00f3 de numerosas muestras colectivas e individuales, algunas de las cuales fueron: Teatro Ensamble (Banfield, 2004), Consejo Magistratura de la Ciudad de Buenos Aires&nbsp; (2002), el Sal\u00f3n Arte Joven&nbsp; obteniendo el 2do. Premio dibujo en el Museo Benito Quinquela Mart\u00edn de la Ciudad de Buenos Aires (2002), Sal\u00f3n Aida Carballo SAAP (Buenos Aires, 2004) obteniendo 1er. Premio en Pintura, Sala Municipal de Exposiciones en conjunto con Lidaura Chapitel en San Mart\u00edn de los Andes&nbsp; (2011), tambi\u00e9n de manera individual en 2020 y Gala Arte y Vinos en San Mart\u00edn de los Andes (2016).<\/p>\n","protected":false},"excerpt":{"rendered":"<p>Desde el pr\u00f3ximo lunes 8 de enero, de 17 a 21 hs. <a href=\"https:\/\/cultura.sma.gob.ar\/?p=943\" class=\"more-link\">Continue reading <span class=\"screen-reader-text\">\u201cDOS MUNDOS, DOS PINTORES\u201d: NUEVA MUESTRA EN LA SALA LIDAURA CHAPITEL<\/span><\/a><\/p>\n","protected":false},"author":1,"featured_media":295,"comment_status":"closed","ping_status":"","sticky":false,"template":"","format":"image","meta":{"footnotes":""},"categories":[6,9],"tags":[],"class_list":["post-943","post","type-post","status-publish","format-image","has-post-thumbnail","hentry","category-sala-lidaura-chapitel","category-ultimas-noticias","post_format-post-format-image"],"_links":{"self":[{"href":"https:\/\/cultura.sma.gob.ar\/index.php?rest_route=\/wp\/v2\/posts\/943","targetHints":{"allow":["GET"]}}],"collection":[{"href":"https:\/\/cultura.sma.gob.ar\/index.php?rest_route=\/wp\/v2\/posts"}],"about":[{"href":"https:\/\/cultura.sma.gob.ar\/index.php?rest_route=\/wp\/v2\/types\/post"}],"author":[{"embeddable":true,"href":"https:\/\/cultura.sma.gob.ar\/index.php?rest_route=\/wp\/v2\/users\/1"}],"replies":[{"embeddable":true,"href":"https:\/\/cultura.sma.gob.ar\/index.php?rest_route=%2Fwp%2Fv2%2Fcomments&post=943"}],"version-history":[{"count":2,"href":"https:\/\/cultura.sma.gob.ar\/index.php?rest_route=\/wp\/v2\/posts\/943\/revisions"}],"predecessor-version":[{"id":969,"href":"https:\/\/cultura.sma.gob.ar\/index.php?rest_route=\/wp\/v2\/posts\/943\/revisions\/969"}],"wp:featuredmedia":[{"embeddable":true,"href":"https:\/\/cultura.sma.gob.ar\/index.php?rest_route=\/wp\/v2\/media\/295"}],"wp:attachment":[{"href":"https:\/\/cultura.sma.gob.ar\/index.php?rest_route=%2Fwp%2Fv2%2Fmedia&parent=943"}],"wp:term":[{"taxonomy":"category","embeddable":true,"href":"https:\/\/cultura.sma.gob.ar\/index.php?rest_route=%2Fwp%2Fv2%2Fcategories&post=943"},{"taxonomy":"post_tag","embeddable":true,"href":"https:\/\/cultura.sma.gob.ar\/index.php?rest_route=%2Fwp%2Fv2%2Ftags&post=943"}],"curies":[{"name":"wp","href":"https:\/\/api.w.org\/{rel}","templated":true}]}}