{"id":939,"date":"2021-01-04T13:18:23","date_gmt":"2021-01-04T16:18:23","guid":{"rendered":"http:\/\/cultura.sma.gob.ar\/?p=939"},"modified":"2021-01-04T13:18:23","modified_gmt":"2021-01-04T16:18:23","slug":"conversatorio-sobre-la-vida-y-obra-de-bertha-koessler","status":"publish","type":"post","link":"https:\/\/cultura.sma.gob.ar\/?p=939","title":{"rendered":"Conversatorio sobre la vida y obra de Bertha Koessler"},"content":{"rendered":"\n<figure class=\"wp-block-image size-large\"><img loading=\"lazy\" decoding=\"async\" width=\"1024\" height=\"1024\" src=\"http:\/\/cultura.sma.gob.ar\/wp-content\/uploads\/2021\/01\/1\u00b0-flyer-1024x1024.jpg\" alt=\"\" class=\"wp-image-940\" srcset=\"https:\/\/cultura.sma.gob.ar\/wp-content\/uploads\/2021\/01\/1\u00b0-flyer-1024x1024.jpg 1024w, https:\/\/cultura.sma.gob.ar\/wp-content\/uploads\/2021\/01\/1\u00b0-flyer-300x300.jpg 300w, https:\/\/cultura.sma.gob.ar\/wp-content\/uploads\/2021\/01\/1\u00b0-flyer-150x150.jpg 150w, https:\/\/cultura.sma.gob.ar\/wp-content\/uploads\/2021\/01\/1\u00b0-flyer-768x768.jpg 768w, https:\/\/cultura.sma.gob.ar\/wp-content\/uploads\/2021\/01\/1\u00b0-flyer-90x90.jpg 90w, https:\/\/cultura.sma.gob.ar\/wp-content\/uploads\/2021\/01\/1\u00b0-flyer.jpg 1280w\" sizes=\"auto, (max-width: 1024px) 100vw, 1024px\" \/><\/figure>\n\n\n\n<p>La Direcci\u00f3n Provincial de Patrimonio Cultural de la Provincia del Neuqu\u00e9n invita a participar de los conversatorios (v\u00eda Zoom) sobre la vida y obra de Bertha Koessler Ilg.<strong> &nbsp; <\/strong>Dentro del ciclo \u201cLecturas del Neuqu\u00e9n\u201d nos abocaremos a conocer aspectos de la vida y obra de Bertha Koessler Ilg. Utilizando el modelo de conversatorios nos aproximaremos a esta importante figura intelectual del Neuqu\u00e9n.<\/p>\n\n\n\n<p>&nbsp;&nbsp;&nbsp;&nbsp;&nbsp;&nbsp;&nbsp;&nbsp;Para esto est\u00e1n previstos cuatro encuentros virtuales (v\u00eda zoom), contando con la activa participaci\u00f3n de la Licenciada Ana Mar\u00eda de Mena, quien ha dado marco a esta propuesta invitando a la docente de la Universidad Nacional de la Plata Herminia Navarro Hartmann y al catedr\u00e1tico y escritor, especialista en literatura oral C\u00e9sar An\u00edbal Fern\u00e1ndez. Estos conversatorios intentan visibilizar la figura de la eminente folclor\u00f3loga alemana Bertha Koessler Ilg, qui\u00e9n desarroll\u00f3 una intensa actividad de <strong>recuperaci\u00f3n de relatos orales por m\u00e1s de cuarenta a\u00f1os durante su residencia en San Mart\u00edn de los Andes<\/strong>. Su vasta obra merece ser reconsiderada y difundida ya que <strong>es parte del patrimonio cultural del Neuqu\u00e9n<\/strong>. Es adem\u00e1s un necesario homenaje a qui\u00e9n recolect\u00f3 cientos de historias sobre las comunidades originarias del sur de nuestra provincia.<\/p>\n\n\n\n<p>&nbsp;&nbsp;&nbsp;&nbsp;&nbsp;&nbsp;&nbsp;&nbsp;&nbsp;&nbsp;&nbsp;&nbsp;&nbsp;&nbsp;Los encuentros virtuales se llevar\u00e1n a cabo todos los jueves de enero, desde las 11 horas.<\/p>\n\n\n\n<p><strong>1\u00ba&nbsp; Encuentro: <\/strong>07\/01\/21<\/p>\n\n\n\n<p><strong>&nbsp;&nbsp;&nbsp;&nbsp;&nbsp;&nbsp;Tema: \u201c<\/strong>Templanza de una mujer adelantada, mi abuela\u201d.&nbsp;<\/p>\n\n\n\n<p><strong>&nbsp;&nbsp;&nbsp;&nbsp;&nbsp;&nbsp;Invitado especial: <\/strong>Federico Esteban Koessler<\/p>\n\n\n\n<p><strong>2\u00ba &nbsp; Encuentro<\/strong>: 14\/01\/21<\/p>\n\n\n\n<p>&nbsp;&nbsp;&nbsp;&nbsp;&nbsp;&nbsp;&nbsp;<strong>Tema: <\/strong>\u201dBerhta Koessler en su obra\u201d.<\/p>\n\n\n\n<p>&nbsp;&nbsp;&nbsp;&nbsp;&nbsp;&nbsp;&nbsp;<strong>&nbsp;Invitado Especial: <\/strong>C\u00e9sar An\u00edbal Fern\u00e1ndez.<\/p>\n\n\n\n<p>&nbsp;&nbsp;<strong>3\u00ba &nbsp; Encuentro<\/strong>: 21\/01\/21.<\/p>\n\n\n\n<p>Tema: \u201cEl legado de Bertha Koessler.\u201d<\/p>\n\n\n\n<p><strong>&nbsp;&nbsp;&nbsp;Invitada Especial: <\/strong>Herminia Navarro Hartmann<\/p>\n\n\n\n<p>&nbsp;&nbsp;&nbsp;&nbsp;&nbsp;&nbsp;&nbsp;&nbsp;<strong>4\u00ba &nbsp; Encuentro<\/strong>: 28\/01\/21<\/p>\n\n\n\n<p>&nbsp;&nbsp;&nbsp;&nbsp;&nbsp;&nbsp;&nbsp;Tema: \u201cBertha Koessler Ilg y el Primer Congreso del \u00c1rea Araucana.\u201d<\/p>\n\n\n\n<p>&nbsp;&nbsp;&nbsp;&nbsp;&nbsp;&nbsp;&nbsp;&nbsp;Presentaci\u00f3n: Marina Rodriguez y Ra\u00fal Mansilla<\/p>\n\n\n\n<p>&nbsp;&nbsp;&nbsp;&nbsp;&nbsp;&nbsp;&nbsp;&nbsp;<strong>Presentadores<\/strong>: Ana Mar\u00eda de Mena y Anyel\u00e9n Cuevas.<\/p>\n","protected":false},"excerpt":{"rendered":"<p>Jueves de enero &#8211; modalidad virtual <a href=\"https:\/\/cultura.sma.gob.ar\/?p=939\" class=\"more-link\">Continue reading <span class=\"screen-reader-text\">Conversatorio sobre la vida y obra de Bertha Koessler<\/span><\/a><\/p>\n","protected":false},"author":1,"featured_media":297,"comment_status":"closed","ping_status":"","sticky":false,"template":"","format":"image","meta":{"footnotes":""},"categories":[2,9],"tags":[],"class_list":["post-939","post","type-post","status-publish","format-image","has-post-thumbnail","hentry","category-ciudad-cultural","category-ultimas-noticias","post_format-post-format-image"],"_links":{"self":[{"href":"https:\/\/cultura.sma.gob.ar\/index.php?rest_route=\/wp\/v2\/posts\/939","targetHints":{"allow":["GET"]}}],"collection":[{"href":"https:\/\/cultura.sma.gob.ar\/index.php?rest_route=\/wp\/v2\/posts"}],"about":[{"href":"https:\/\/cultura.sma.gob.ar\/index.php?rest_route=\/wp\/v2\/types\/post"}],"author":[{"embeddable":true,"href":"https:\/\/cultura.sma.gob.ar\/index.php?rest_route=\/wp\/v2\/users\/1"}],"replies":[{"embeddable":true,"href":"https:\/\/cultura.sma.gob.ar\/index.php?rest_route=%2Fwp%2Fv2%2Fcomments&post=939"}],"version-history":[{"count":1,"href":"https:\/\/cultura.sma.gob.ar\/index.php?rest_route=\/wp\/v2\/posts\/939\/revisions"}],"predecessor-version":[{"id":941,"href":"https:\/\/cultura.sma.gob.ar\/index.php?rest_route=\/wp\/v2\/posts\/939\/revisions\/941"}],"wp:featuredmedia":[{"embeddable":true,"href":"https:\/\/cultura.sma.gob.ar\/index.php?rest_route=\/wp\/v2\/media\/297"}],"wp:attachment":[{"href":"https:\/\/cultura.sma.gob.ar\/index.php?rest_route=%2Fwp%2Fv2%2Fmedia&parent=939"}],"wp:term":[{"taxonomy":"category","embeddable":true,"href":"https:\/\/cultura.sma.gob.ar\/index.php?rest_route=%2Fwp%2Fv2%2Fcategories&post=939"},{"taxonomy":"post_tag","embeddable":true,"href":"https:\/\/cultura.sma.gob.ar\/index.php?rest_route=%2Fwp%2Fv2%2Ftags&post=939"}],"curies":[{"name":"wp","href":"https:\/\/api.w.org\/{rel}","templated":true}]}}