{"id":928,"date":"2021-01-04T09:57:58","date_gmt":"2021-01-04T12:57:58","guid":{"rendered":"http:\/\/cultura.sma.gob.ar\/?p=928"},"modified":"2021-01-04T09:57:58","modified_gmt":"2021-01-04T12:57:58","slug":"se-abre-la-convocatoria-para-exposicion-colectiva-de-artistas-locales-y-regionales-2021","status":"publish","type":"post","link":"https:\/\/cultura.sma.gob.ar\/?p=928","title":{"rendered":"SE ABRE LA CONVOCATORIA PARA EXPOSICI\u00d3N COLECTIVA DE ARTISTAS LOCALES Y REGIONALES 2021"},"content":{"rendered":"\n<figure class=\"wp-block-image size-large\"><img loading=\"lazy\" decoding=\"async\" width=\"1024\" height=\"1024\" src=\"http:\/\/cultura.sma.gob.ar\/wp-content\/uploads\/2021\/01\/convocatoria-local2021-02-1024x1024.jpg\" alt=\"\" class=\"wp-image-929\" srcset=\"https:\/\/cultura.sma.gob.ar\/wp-content\/uploads\/2021\/01\/convocatoria-local2021-02-1024x1024.jpg 1024w, https:\/\/cultura.sma.gob.ar\/wp-content\/uploads\/2021\/01\/convocatoria-local2021-02-300x300.jpg 300w, https:\/\/cultura.sma.gob.ar\/wp-content\/uploads\/2021\/01\/convocatoria-local2021-02-150x150.jpg 150w, https:\/\/cultura.sma.gob.ar\/wp-content\/uploads\/2021\/01\/convocatoria-local2021-02-768x768.jpg 768w, https:\/\/cultura.sma.gob.ar\/wp-content\/uploads\/2021\/01\/convocatoria-local2021-02-1536x1536.jpg 1536w, https:\/\/cultura.sma.gob.ar\/wp-content\/uploads\/2021\/01\/convocatoria-local2021-02-90x90.jpg 90w, https:\/\/cultura.sma.gob.ar\/wp-content\/uploads\/2021\/01\/convocatoria-local2021-02.jpg 1875w\" sizes=\"auto, (max-width: 1024px) 100vw, 1024px\" \/><\/figure>\n\n\n\n<p>La <strong>Sala Municipal de Exposiciones \u201cLidaura Chapitel\u201d<\/strong> convoca a artistas visuales&nbsp; de San Mart\u00edn de los Andes y la regi\u00f3n a participar de la <strong>Exposici\u00f3n Colectiva Abierta <\/strong>2021 que se desarrollar\u00e1 en el mes de <strong>febrero<\/strong>.<\/p>\n\n\n\n<p>Los\/as interesados\/as en participar deben enviar dos propuestas expositivas <strong>hasta el 21 de enero<\/strong> de 2021 inclusive a sala.chapitel@smandes.gov.ar&nbsp;&nbsp;<\/p>\n\n\n\n<p>Las propuestas deben contar con la siguiente informaci\u00f3n:<\/p>\n\n\n\n<ul class=\"wp-block-list\"><li>Imagen de la obra en jpg (o link en el caso de video) HASTA 5 MB<\/li><li>Ficha t\u00e9cnica de la obra (en DOCUMENTO WORD)<\/li><li>T\u00edtulo<\/li><li>Nombre autor\/a<\/li><li>T\u00e9cnica<\/li><li>Medidas<\/li><li>A\u00f1o<\/li><li>Precio de la obra<\/li><li>Descripci\u00f3n detallada del soporte y su forma de montaje&nbsp;<\/li><li>Breve rese\u00f1a biogr\u00e1fica (hasta mil caracteres)<\/li><\/ul>\n\n\n\n<p>Tanto la foto de la obra como el documento Word con sus datos deber\u00e1n estar nominados con nombre y apellido de la\/el artista y ser enviados en un \u00fanico correo.<\/p>\n\n\n\n<p><strong>Se seleccionar\u00e1 s\u00f3lo una propuesta que deber\u00e1 presentarse en la Sala el 25 y 26 de enero de 9 a 13:30 y de 17 a 20:30 hs , sin excepci\u00f3n.<\/strong><\/p>\n\n\n\n<p>La Sala Municipal de Exposiciones se encargar\u00e1 de:<\/p>\n\n\n\n<ul class=\"wp-block-list\"><li>Selecci\u00f3n de propuestas<\/li><li>Curadur\u00eda y Montaje<\/li><li>Seguro de permanencia en sala<\/li><li>Gr\u00e1fica<\/li><li>Comunicaci\u00f3n y difusi\u00f3n<\/li><\/ul>\n\n\n\n<p>No se cubren gastos de env\u00edo ni producci\u00f3n de obra.<\/p>\n","protected":false},"excerpt":{"rendered":"<p>Env\u00edo de propuestas hasta el 21 de enero. <a href=\"https:\/\/cultura.sma.gob.ar\/?p=928\" class=\"more-link\">Continue reading <span class=\"screen-reader-text\">SE ABRE LA CONVOCATORIA PARA EXPOSICI\u00d3N COLECTIVA DE ARTISTAS LOCALES Y REGIONALES 2021<\/span><\/a><\/p>\n","protected":false},"author":1,"featured_media":295,"comment_status":"closed","ping_status":"","sticky":false,"template":"","format":"image","meta":{"footnotes":""},"categories":[6,9],"tags":[],"class_list":["post-928","post","type-post","status-publish","format-image","has-post-thumbnail","hentry","category-sala-lidaura-chapitel","category-ultimas-noticias","post_format-post-format-image"],"_links":{"self":[{"href":"https:\/\/cultura.sma.gob.ar\/index.php?rest_route=\/wp\/v2\/posts\/928","targetHints":{"allow":["GET"]}}],"collection":[{"href":"https:\/\/cultura.sma.gob.ar\/index.php?rest_route=\/wp\/v2\/posts"}],"about":[{"href":"https:\/\/cultura.sma.gob.ar\/index.php?rest_route=\/wp\/v2\/types\/post"}],"author":[{"embeddable":true,"href":"https:\/\/cultura.sma.gob.ar\/index.php?rest_route=\/wp\/v2\/users\/1"}],"replies":[{"embeddable":true,"href":"https:\/\/cultura.sma.gob.ar\/index.php?rest_route=%2Fwp%2Fv2%2Fcomments&post=928"}],"version-history":[{"count":1,"href":"https:\/\/cultura.sma.gob.ar\/index.php?rest_route=\/wp\/v2\/posts\/928\/revisions"}],"predecessor-version":[{"id":930,"href":"https:\/\/cultura.sma.gob.ar\/index.php?rest_route=\/wp\/v2\/posts\/928\/revisions\/930"}],"wp:featuredmedia":[{"embeddable":true,"href":"https:\/\/cultura.sma.gob.ar\/index.php?rest_route=\/wp\/v2\/media\/295"}],"wp:attachment":[{"href":"https:\/\/cultura.sma.gob.ar\/index.php?rest_route=%2Fwp%2Fv2%2Fmedia&parent=928"}],"wp:term":[{"taxonomy":"category","embeddable":true,"href":"https:\/\/cultura.sma.gob.ar\/index.php?rest_route=%2Fwp%2Fv2%2Fcategories&post=928"},{"taxonomy":"post_tag","embeddable":true,"href":"https:\/\/cultura.sma.gob.ar\/index.php?rest_route=%2Fwp%2Fv2%2Ftags&post=928"}],"curies":[{"name":"wp","href":"https:\/\/api.w.org\/{rel}","templated":true}]}}