{"id":913,"date":"2020-12-18T10:23:43","date_gmt":"2020-12-18T13:23:43","guid":{"rendered":"http:\/\/cultura.sma.gob.ar\/?p=913"},"modified":"2020-12-18T10:23:43","modified_gmt":"2020-12-18T13:23:43","slug":"convocatoria-a-eleccion-de-la-comision-de-artesanos","status":"publish","type":"post","link":"https:\/\/cultura.sma.gob.ar\/?p=913","title":{"rendered":"CONVOCATORIA A ELECCI\u00d3N DE LA COMISI\u00d3N DE ARTESANOS"},"content":{"rendered":"\n\n\n<p>La Secretar\u00eda de Cultura convoca a<strong> elecciones para la conformaci\u00f3n de la Comisi\u00f3n de Artesanos<\/strong>, conforme a la Ordenanza 8.175\/08 y al Art\u00edculo 27 de su Reglamentaci\u00f3n.<\/p>\n\n\n\n<p>Para votar ser\u00e1 requisito estar inscripto en el Registro de Artesanos Urbanos de San Mart\u00edn de los Andes y presentar DNI.<\/p>\n\n\n\n<p>La elecci\u00f3n se realizar\u00e1 el d\u00eda <strong>lunes 21 de diciembre, de 12 a 18 hs<\/strong>, en la sala Jorge Villalba del teatro San Jos\u00e9.&nbsp;<\/p>\n","protected":false},"excerpt":{"rendered":"<p>Lunes 21 de diciembre, en Teatro San Jos\u00e9 <a href=\"https:\/\/cultura.sma.gob.ar\/?p=913\" class=\"more-link\">Continue reading <span class=\"screen-reader-text\">CONVOCATORIA A ELECCI\u00d3N DE LA COMISI\u00d3N DE ARTESANOS<\/span><\/a><\/p>\n","protected":false},"author":1,"featured_media":297,"comment_status":"closed","ping_status":"","sticky":false,"template":"","format":"image","meta":{"footnotes":""},"categories":[9],"tags":[],"class_list":["post-913","post","type-post","status-publish","format-image","has-post-thumbnail","hentry","category-ultimas-noticias","post_format-post-format-image"],"_links":{"self":[{"href":"https:\/\/cultura.sma.gob.ar\/index.php?rest_route=\/wp\/v2\/posts\/913","targetHints":{"allow":["GET"]}}],"collection":[{"href":"https:\/\/cultura.sma.gob.ar\/index.php?rest_route=\/wp\/v2\/posts"}],"about":[{"href":"https:\/\/cultura.sma.gob.ar\/index.php?rest_route=\/wp\/v2\/types\/post"}],"author":[{"embeddable":true,"href":"https:\/\/cultura.sma.gob.ar\/index.php?rest_route=\/wp\/v2\/users\/1"}],"replies":[{"embeddable":true,"href":"https:\/\/cultura.sma.gob.ar\/index.php?rest_route=%2Fwp%2Fv2%2Fcomments&post=913"}],"version-history":[{"count":1,"href":"https:\/\/cultura.sma.gob.ar\/index.php?rest_route=\/wp\/v2\/posts\/913\/revisions"}],"predecessor-version":[{"id":914,"href":"https:\/\/cultura.sma.gob.ar\/index.php?rest_route=\/wp\/v2\/posts\/913\/revisions\/914"}],"wp:featuredmedia":[{"embeddable":true,"href":"https:\/\/cultura.sma.gob.ar\/index.php?rest_route=\/wp\/v2\/media\/297"}],"wp:attachment":[{"href":"https:\/\/cultura.sma.gob.ar\/index.php?rest_route=%2Fwp%2Fv2%2Fmedia&parent=913"}],"wp:term":[{"taxonomy":"category","embeddable":true,"href":"https:\/\/cultura.sma.gob.ar\/index.php?rest_route=%2Fwp%2Fv2%2Fcategories&post=913"},{"taxonomy":"post_tag","embeddable":true,"href":"https:\/\/cultura.sma.gob.ar\/index.php?rest_route=%2Fwp%2Fv2%2Ftags&post=913"}],"curies":[{"name":"wp","href":"https:\/\/api.w.org\/{rel}","templated":true}]}}