{"id":905,"date":"2020-12-16T11:49:58","date_gmt":"2020-12-16T14:49:58","guid":{"rendered":"http:\/\/cultura.sma.gob.ar\/?p=905"},"modified":"2020-12-16T11:50:31","modified_gmt":"2020-12-16T14:50:31","slug":"capacitacion-en-canto-y-ritmos-latinoamericanos","status":"publish","type":"post","link":"https:\/\/cultura.sma.gob.ar\/?p=905","title":{"rendered":"Capacitaci\u00f3n en Canto y Ritmos Latinoamericanos"},"content":{"rendered":"\n<figure class=\"wp-block-image size-large\"><img loading=\"lazy\" decoding=\"async\" width=\"1024\" height=\"1024\" src=\"http:\/\/cultura.sma.gob.ar\/wp-content\/uploads\/2020\/12\/TALLER-MELI-1024x1024.jpeg\" alt=\"\" class=\"wp-image-906\" srcset=\"https:\/\/cultura.sma.gob.ar\/wp-content\/uploads\/2020\/12\/TALLER-MELI-1024x1024.jpeg 1024w, https:\/\/cultura.sma.gob.ar\/wp-content\/uploads\/2020\/12\/TALLER-MELI-300x300.jpeg 300w, https:\/\/cultura.sma.gob.ar\/wp-content\/uploads\/2020\/12\/TALLER-MELI-150x150.jpeg 150w, https:\/\/cultura.sma.gob.ar\/wp-content\/uploads\/2020\/12\/TALLER-MELI-768x768.jpeg 768w, https:\/\/cultura.sma.gob.ar\/wp-content\/uploads\/2020\/12\/TALLER-MELI-90x90.jpeg 90w, https:\/\/cultura.sma.gob.ar\/wp-content\/uploads\/2020\/12\/TALLER-MELI.jpeg 1280w\" sizes=\"auto, (max-width: 1024px) 100vw, 1024px\" \/><\/figure>\n\n\n\n<p>Este s\u00e1bado 19 de diciembre, en el Teatro San Jos\u00e9, se llevar\u00e1 a cabo un taller gratuito de canto y ritmos latinoamericanos, a cargo de la profesora Melisa Galluzzo.<\/p>\n\n\n\n<p>La actividad requiere inscripci\u00f3n previa, con cupos limitados.<\/p>\n\n\n\n<p><\/p>\n","protected":false},"excerpt":{"rendered":"<p>Taller gratuito &#8211; s\u00e1bado 19 de diciembre. <a href=\"https:\/\/cultura.sma.gob.ar\/?p=905\" class=\"more-link\">Continue reading <span class=\"screen-reader-text\">Capacitaci\u00f3n en Canto y Ritmos Latinoamericanos<\/span><\/a><\/p>\n","protected":false},"author":1,"featured_media":297,"comment_status":"closed","ping_status":"","sticky":false,"template":"","format":"image","meta":{"footnotes":""},"categories":[2,9],"tags":[],"class_list":["post-905","post","type-post","status-publish","format-image","has-post-thumbnail","hentry","category-ciudad-cultural","category-ultimas-noticias","post_format-post-format-image"],"_links":{"self":[{"href":"https:\/\/cultura.sma.gob.ar\/index.php?rest_route=\/wp\/v2\/posts\/905","targetHints":{"allow":["GET"]}}],"collection":[{"href":"https:\/\/cultura.sma.gob.ar\/index.php?rest_route=\/wp\/v2\/posts"}],"about":[{"href":"https:\/\/cultura.sma.gob.ar\/index.php?rest_route=\/wp\/v2\/types\/post"}],"author":[{"embeddable":true,"href":"https:\/\/cultura.sma.gob.ar\/index.php?rest_route=\/wp\/v2\/users\/1"}],"replies":[{"embeddable":true,"href":"https:\/\/cultura.sma.gob.ar\/index.php?rest_route=%2Fwp%2Fv2%2Fcomments&post=905"}],"version-history":[{"count":2,"href":"https:\/\/cultura.sma.gob.ar\/index.php?rest_route=\/wp\/v2\/posts\/905\/revisions"}],"predecessor-version":[{"id":908,"href":"https:\/\/cultura.sma.gob.ar\/index.php?rest_route=\/wp\/v2\/posts\/905\/revisions\/908"}],"wp:featuredmedia":[{"embeddable":true,"href":"https:\/\/cultura.sma.gob.ar\/index.php?rest_route=\/wp\/v2\/media\/297"}],"wp:attachment":[{"href":"https:\/\/cultura.sma.gob.ar\/index.php?rest_route=%2Fwp%2Fv2%2Fmedia&parent=905"}],"wp:term":[{"taxonomy":"category","embeddable":true,"href":"https:\/\/cultura.sma.gob.ar\/index.php?rest_route=%2Fwp%2Fv2%2Fcategories&post=905"},{"taxonomy":"post_tag","embeddable":true,"href":"https:\/\/cultura.sma.gob.ar\/index.php?rest_route=%2Fwp%2Fv2%2Ftags&post=905"}],"curies":[{"name":"wp","href":"https:\/\/api.w.org\/{rel}","templated":true}]}}