{"id":900,"date":"2020-12-16T11:44:11","date_gmt":"2020-12-16T14:44:11","guid":{"rendered":"http:\/\/cultura.sma.gob.ar\/?p=900"},"modified":"2020-12-16T11:44:11","modified_gmt":"2020-12-16T14:44:11","slug":"3-premio-del-concurso-internacional-de-composicion-coral-al-profesor-sanmartinense-pablo-roberto","status":"publish","type":"post","link":"https:\/\/cultura.sma.gob.ar\/?p=900","title":{"rendered":"3\u00b0 Premio del Concurso Internacional de Composici\u00f3n Coral al profesor Sanmartinense Pablo Roberto"},"content":{"rendered":"\n<p>La Secretar\u00eda de Cultura de San Mart\u00edn de los Andes saluda y felicita al profesor de m\u00fasica local Pablo Roberto, tras haber obtenido el 3er premio del Concurso Internacional de Composici\u00f3n Coral, organizado por la Federaci\u00f3n de Coros de Navarra, en Espa\u00f1a.<\/p>\n\n\n\n<figure class=\"wp-block-image size-large\"><img loading=\"lazy\" decoding=\"async\" width=\"685\" height=\"1024\" src=\"http:\/\/cultura.sma.gob.ar\/wp-content\/uploads\/2020\/12\/IMG-20201216-WA0006-685x1024.jpg\" alt=\"\" class=\"wp-image-902\" srcset=\"https:\/\/cultura.sma.gob.ar\/wp-content\/uploads\/2020\/12\/IMG-20201216-WA0006-685x1024.jpg 685w, https:\/\/cultura.sma.gob.ar\/wp-content\/uploads\/2020\/12\/IMG-20201216-WA0006-201x300.jpg 201w, https:\/\/cultura.sma.gob.ar\/wp-content\/uploads\/2020\/12\/IMG-20201216-WA0006-60x90.jpg 60w, https:\/\/cultura.sma.gob.ar\/wp-content\/uploads\/2020\/12\/IMG-20201216-WA0006.jpg 720w\" sizes=\"auto, (max-width: 685px) 100vw, 685px\" \/><\/figure>\n\n\n\n<figure class=\"wp-block-image size-large\"><img loading=\"lazy\" decoding=\"async\" width=\"720\" height=\"1018\" src=\"http:\/\/cultura.sma.gob.ar\/wp-content\/uploads\/2020\/12\/FB_IMG_1607970052791-1.jpg\" alt=\"\" class=\"wp-image-903\" srcset=\"https:\/\/cultura.sma.gob.ar\/wp-content\/uploads\/2020\/12\/FB_IMG_1607970052791-1.jpg 720w, https:\/\/cultura.sma.gob.ar\/wp-content\/uploads\/2020\/12\/FB_IMG_1607970052791-1-212x300.jpg 212w, https:\/\/cultura.sma.gob.ar\/wp-content\/uploads\/2020\/12\/FB_IMG_1607970052791-1-64x90.jpg 64w\" sizes=\"auto, (max-width: 720px) 100vw, 720px\" \/><\/figure>\n","protected":false},"excerpt":{"rendered":"<p>La Secretar\u00eda de Cultura de San Mart\u00edn de los Andes saluda y felicita al profesor de m\u00fasica local Pablo Roberto, tras haber obtenido el 3er premio del Concurso Internacional de Composici\u00f3n Coral, organizado por la Federaci\u00f3n de Coros de Navarra, en Espa\u00f1a. <a href=\"https:\/\/cultura.sma.gob.ar\/?p=900\" class=\"more-link\">Continue reading <span class=\"screen-reader-text\">3\u00b0 Premio del Concurso Internacional de Composici\u00f3n Coral al profesor Sanmartinense Pablo Roberto<\/span><\/a><\/p>\n","protected":false},"author":1,"featured_media":297,"comment_status":"closed","ping_status":"","sticky":false,"template":"","format":"image","meta":{"footnotes":""},"categories":[2,9],"tags":[],"class_list":["post-900","post","type-post","status-publish","format-image","has-post-thumbnail","hentry","category-ciudad-cultural","category-ultimas-noticias","post_format-post-format-image"],"_links":{"self":[{"href":"https:\/\/cultura.sma.gob.ar\/index.php?rest_route=\/wp\/v2\/posts\/900","targetHints":{"allow":["GET"]}}],"collection":[{"href":"https:\/\/cultura.sma.gob.ar\/index.php?rest_route=\/wp\/v2\/posts"}],"about":[{"href":"https:\/\/cultura.sma.gob.ar\/index.php?rest_route=\/wp\/v2\/types\/post"}],"author":[{"embeddable":true,"href":"https:\/\/cultura.sma.gob.ar\/index.php?rest_route=\/wp\/v2\/users\/1"}],"replies":[{"embeddable":true,"href":"https:\/\/cultura.sma.gob.ar\/index.php?rest_route=%2Fwp%2Fv2%2Fcomments&post=900"}],"version-history":[{"count":1,"href":"https:\/\/cultura.sma.gob.ar\/index.php?rest_route=\/wp\/v2\/posts\/900\/revisions"}],"predecessor-version":[{"id":904,"href":"https:\/\/cultura.sma.gob.ar\/index.php?rest_route=\/wp\/v2\/posts\/900\/revisions\/904"}],"wp:featuredmedia":[{"embeddable":true,"href":"https:\/\/cultura.sma.gob.ar\/index.php?rest_route=\/wp\/v2\/media\/297"}],"wp:attachment":[{"href":"https:\/\/cultura.sma.gob.ar\/index.php?rest_route=%2Fwp%2Fv2%2Fmedia&parent=900"}],"wp:term":[{"taxonomy":"category","embeddable":true,"href":"https:\/\/cultura.sma.gob.ar\/index.php?rest_route=%2Fwp%2Fv2%2Fcategories&post=900"},{"taxonomy":"post_tag","embeddable":true,"href":"https:\/\/cultura.sma.gob.ar\/index.php?rest_route=%2Fwp%2Fv2%2Ftags&post=900"}],"curies":[{"name":"wp","href":"https:\/\/api.w.org\/{rel}","templated":true}]}}