{"id":875,"date":"2020-12-14T12:30:30","date_gmt":"2020-12-14T15:30:30","guid":{"rendered":"http:\/\/cultura.sma.gob.ar\/?p=875"},"modified":"2020-12-14T12:30:30","modified_gmt":"2020-12-14T15:30:30","slug":"este-miercoles-empieza-el-7-festival-de-circo-de-san-martin-de-los-andes","status":"publish","type":"post","link":"https:\/\/cultura.sma.gob.ar\/?p=875","title":{"rendered":"Este  mi\u00e9rcoles empieza el 7\u00b0 Festival de Circo de San Mart\u00edn de los Andes"},"content":{"rendered":"\n<figure class=\"wp-block-image size-large\"><img loading=\"lazy\" decoding=\"async\" width=\"1024\" height=\"1024\" src=\"http:\/\/cultura.sma.gob.ar\/wp-content\/uploads\/2020\/12\/circo-20-02-1024x1024.jpg\" alt=\"\" class=\"wp-image-876\" srcset=\"https:\/\/cultura.sma.gob.ar\/wp-content\/uploads\/2020\/12\/circo-20-02-1024x1024.jpg 1024w, https:\/\/cultura.sma.gob.ar\/wp-content\/uploads\/2020\/12\/circo-20-02-300x300.jpg 300w, https:\/\/cultura.sma.gob.ar\/wp-content\/uploads\/2020\/12\/circo-20-02-150x150.jpg 150w, https:\/\/cultura.sma.gob.ar\/wp-content\/uploads\/2020\/12\/circo-20-02-768x768.jpg 768w, https:\/\/cultura.sma.gob.ar\/wp-content\/uploads\/2020\/12\/circo-20-02-1536x1536.jpg 1536w, https:\/\/cultura.sma.gob.ar\/wp-content\/uploads\/2020\/12\/circo-20-02-90x90.jpg 90w, https:\/\/cultura.sma.gob.ar\/wp-content\/uploads\/2020\/12\/circo-20-02.jpg 1875w\" sizes=\"auto, (max-width: 1024px) 100vw, 1024px\" \/><\/figure>\n\n\n\n<p>Desde el mi\u00e9rcoles 16 y hasta el domingo 20 de diciembre, el Festival de Circo se desarrollar\u00e1 en cinco barrios de nuestra ciudad, llevando toda la magia y energ\u00eda circense con funciones de arte callejero, en formato variet\u00e9.<\/p>\n\n\n\n<p>Todas las funciones ser\u00e1n con entrada libre, empezar\u00e1n a las 19 hs y contar\u00e1n con la participaci\u00f3n de Chicho y Kachengue, Choco Cirko, Mago Puflo, Cristal, Chapuleta, Teff &amp; Rodri, Facundo Villa \u201cEl Melli\u201d y Rafa Urretabizkaya.<\/p>\n\n\n\n<div class=\"wp-block-jetpack-slideshow aligncenter\" data-effect=\"slide\"><div class=\"wp-block-jetpack-slideshow_container swiper-container\"><ul class=\"wp-block-jetpack-slideshow_swiper-wrapper swiper-wrapper\"><li class=\"wp-block-jetpack-slideshow_slide swiper-slide\"><figure><img loading=\"lazy\" decoding=\"async\" width=\"1024\" height=\"1024\" alt=\"\" class=\"wp-block-jetpack-slideshow_image wp-image-879\" data-id=\"879\" src=\"http:\/\/cultura.sma.gob.ar\/wp-content\/uploads\/2020\/12\/programa-general-circo-02-1024x1024.jpg\" srcset=\"https:\/\/cultura.sma.gob.ar\/wp-content\/uploads\/2020\/12\/programa-general-circo-02-1024x1024.jpg 1024w, https:\/\/cultura.sma.gob.ar\/wp-content\/uploads\/2020\/12\/programa-general-circo-02-300x300.jpg 300w, https:\/\/cultura.sma.gob.ar\/wp-content\/uploads\/2020\/12\/programa-general-circo-02-150x150.jpg 150w, https:\/\/cultura.sma.gob.ar\/wp-content\/uploads\/2020\/12\/programa-general-circo-02-768x768.jpg 768w, https:\/\/cultura.sma.gob.ar\/wp-content\/uploads\/2020\/12\/programa-general-circo-02-1536x1536.jpg 1536w, https:\/\/cultura.sma.gob.ar\/wp-content\/uploads\/2020\/12\/programa-general-circo-02-90x90.jpg 90w, https:\/\/cultura.sma.gob.ar\/wp-content\/uploads\/2020\/12\/programa-general-circo-02.jpg 1875w\" sizes=\"auto, (max-width: 1024px) 100vw, 1024px\" \/><\/figure><\/li><li class=\"wp-block-jetpack-slideshow_slide swiper-slide\"><figure><img loading=\"lazy\" decoding=\"async\" width=\"1024\" height=\"1024\" alt=\"\" class=\"wp-block-jetpack-slideshow_image wp-image-877\" data-id=\"877\" src=\"http:\/\/cultura.sma.gob.ar\/wp-content\/uploads\/2020\/12\/programa-general-circo-03-1024x1024.jpg\" srcset=\"https:\/\/cultura.sma.gob.ar\/wp-content\/uploads\/2020\/12\/programa-general-circo-03-1024x1024.jpg 1024w, https:\/\/cultura.sma.gob.ar\/wp-content\/uploads\/2020\/12\/programa-general-circo-03-300x300.jpg 300w, https:\/\/cultura.sma.gob.ar\/wp-content\/uploads\/2020\/12\/programa-general-circo-03-150x150.jpg 150w, https:\/\/cultura.sma.gob.ar\/wp-content\/uploads\/2020\/12\/programa-general-circo-03-768x768.jpg 768w, https:\/\/cultura.sma.gob.ar\/wp-content\/uploads\/2020\/12\/programa-general-circo-03-1536x1536.jpg 1536w, https:\/\/cultura.sma.gob.ar\/wp-content\/uploads\/2020\/12\/programa-general-circo-03-90x90.jpg 90w, https:\/\/cultura.sma.gob.ar\/wp-content\/uploads\/2020\/12\/programa-general-circo-03.jpg 1875w\" sizes=\"auto, (max-width: 1024px) 100vw, 1024px\" \/><\/figure><\/li><li class=\"wp-block-jetpack-slideshow_slide swiper-slide\"><figure><img loading=\"lazy\" decoding=\"async\" width=\"1024\" height=\"1024\" alt=\"\" class=\"wp-block-jetpack-slideshow_image wp-image-878\" data-id=\"878\" src=\"http:\/\/cultura.sma.gob.ar\/wp-content\/uploads\/2020\/12\/programa-general-circo-05-1024x1024.jpg\" srcset=\"https:\/\/cultura.sma.gob.ar\/wp-content\/uploads\/2020\/12\/programa-general-circo-05-1024x1024.jpg 1024w, https:\/\/cultura.sma.gob.ar\/wp-content\/uploads\/2020\/12\/programa-general-circo-05-300x300.jpg 300w, https:\/\/cultura.sma.gob.ar\/wp-content\/uploads\/2020\/12\/programa-general-circo-05-150x150.jpg 150w, https:\/\/cultura.sma.gob.ar\/wp-content\/uploads\/2020\/12\/programa-general-circo-05-768x768.jpg 768w, https:\/\/cultura.sma.gob.ar\/wp-content\/uploads\/2020\/12\/programa-general-circo-05-1536x1536.jpg 1536w, https:\/\/cultura.sma.gob.ar\/wp-content\/uploads\/2020\/12\/programa-general-circo-05-90x90.jpg 90w, https:\/\/cultura.sma.gob.ar\/wp-content\/uploads\/2020\/12\/programa-general-circo-05.jpg 1875w\" sizes=\"auto, (max-width: 1024px) 100vw, 1024px\" \/><\/figure><\/li><li class=\"wp-block-jetpack-slideshow_slide swiper-slide\"><figure><img loading=\"lazy\" decoding=\"async\" width=\"1024\" height=\"1024\" alt=\"\" class=\"wp-block-jetpack-slideshow_image wp-image-881\" data-id=\"881\" src=\"http:\/\/cultura.sma.gob.ar\/wp-content\/uploads\/2020\/12\/programa-general-circo-04-1024x1024.jpg\" srcset=\"https:\/\/cultura.sma.gob.ar\/wp-content\/uploads\/2020\/12\/programa-general-circo-04-1024x1024.jpg 1024w, https:\/\/cultura.sma.gob.ar\/wp-content\/uploads\/2020\/12\/programa-general-circo-04-300x300.jpg 300w, https:\/\/cultura.sma.gob.ar\/wp-content\/uploads\/2020\/12\/programa-general-circo-04-150x150.jpg 150w, https:\/\/cultura.sma.gob.ar\/wp-content\/uploads\/2020\/12\/programa-general-circo-04-768x768.jpg 768w, https:\/\/cultura.sma.gob.ar\/wp-content\/uploads\/2020\/12\/programa-general-circo-04-1536x1536.jpg 1536w, https:\/\/cultura.sma.gob.ar\/wp-content\/uploads\/2020\/12\/programa-general-circo-04-90x90.jpg 90w, https:\/\/cultura.sma.gob.ar\/wp-content\/uploads\/2020\/12\/programa-general-circo-04.jpg 1875w\" sizes=\"auto, (max-width: 1024px) 100vw, 1024px\" \/><\/figure><\/li><li class=\"wp-block-jetpack-slideshow_slide swiper-slide\"><figure><img loading=\"lazy\" decoding=\"async\" width=\"1024\" height=\"1024\" alt=\"\" class=\"wp-block-jetpack-slideshow_image wp-image-880\" data-id=\"880\" src=\"http:\/\/cultura.sma.gob.ar\/wp-content\/uploads\/2020\/12\/programa-general-circo-06-1024x1024.jpg\" srcset=\"https:\/\/cultura.sma.gob.ar\/wp-content\/uploads\/2020\/12\/programa-general-circo-06-1024x1024.jpg 1024w, https:\/\/cultura.sma.gob.ar\/wp-content\/uploads\/2020\/12\/programa-general-circo-06-300x300.jpg 300w, https:\/\/cultura.sma.gob.ar\/wp-content\/uploads\/2020\/12\/programa-general-circo-06-150x150.jpg 150w, https:\/\/cultura.sma.gob.ar\/wp-content\/uploads\/2020\/12\/programa-general-circo-06-768x768.jpg 768w, https:\/\/cultura.sma.gob.ar\/wp-content\/uploads\/2020\/12\/programa-general-circo-06-1536x1536.jpg 1536w, https:\/\/cultura.sma.gob.ar\/wp-content\/uploads\/2020\/12\/programa-general-circo-06-90x90.jpg 90w, https:\/\/cultura.sma.gob.ar\/wp-content\/uploads\/2020\/12\/programa-general-circo-06.jpg 1875w\" sizes=\"auto, (max-width: 1024px) 100vw, 1024px\" \/><\/figure><\/li><\/ul><a class=\"wp-block-jetpack-slideshow_button-prev swiper-button-prev swiper-button-white\" role=\"button\"><\/a><a class=\"wp-block-jetpack-slideshow_button-next swiper-button-next swiper-button-white\" role=\"button\"><\/a><a aria-label=\"Pause Slideshow\" class=\"wp-block-jetpack-slideshow_button-pause\" role=\"button\"><\/a><div class=\"wp-block-jetpack-slideshow_pagination swiper-pagination swiper-pagination-white\"><\/div><\/div><\/div>\n\n\n\n<p><strong>Cronograma de actividades<\/strong><\/p>\n\n\n\n<ul class=\"wp-block-list\"><li>MI\u00c9RCOLES 16 de diciembre. CHACRA 4. Plaza Ing. Fontanive.<\/li><li>JUEVES 17 de diciembre. LA CASCADA. Plaza del Molino.<\/li><li>VIERNES 18 de diciembre. BARRIO CANTERA. Canchita ex Hotel del Sol.<\/li><li>S\u00c1BADO 19 de diciembre. CENTRO. Plaza San Mart\u00edn.<\/li><li>DOMINGO 20 de diciembre. CORDONES DEL CHAPELCO. Plaza del Sol.<\/li><\/ul>\n\n\n\n<p><strong>Este festival se realiza en el marco del decreto R58 MJG de Arte Callejero, bajo protocolo sanitario.<\/strong><\/p>\n\n\n\n<div class=\"wp-block-jetpack-slideshow aligncenter\" data-effect=\"slide\"><div class=\"wp-block-jetpack-slideshow_container swiper-container\"><ul class=\"wp-block-jetpack-slideshow_swiper-wrapper swiper-wrapper\"><li class=\"wp-block-jetpack-slideshow_slide swiper-slide\"><figure><img loading=\"lazy\" decoding=\"async\" width=\"1024\" height=\"712\" alt=\"\" class=\"wp-block-jetpack-slideshow_image wp-image-882\" data-id=\"882\" src=\"http:\/\/cultura.sma.gob.ar\/wp-content\/uploads\/2020\/12\/118186791_1695568020612314_4438315448438431554_o-1024x712.jpg\" srcset=\"https:\/\/cultura.sma.gob.ar\/wp-content\/uploads\/2020\/12\/118186791_1695568020612314_4438315448438431554_o-1024x712.jpg 1024w, https:\/\/cultura.sma.gob.ar\/wp-content\/uploads\/2020\/12\/118186791_1695568020612314_4438315448438431554_o-300x209.jpg 300w, https:\/\/cultura.sma.gob.ar\/wp-content\/uploads\/2020\/12\/118186791_1695568020612314_4438315448438431554_o-768x534.jpg 768w, https:\/\/cultura.sma.gob.ar\/wp-content\/uploads\/2020\/12\/118186791_1695568020612314_4438315448438431554_o-1536x1068.jpg 1536w, https:\/\/cultura.sma.gob.ar\/wp-content\/uploads\/2020\/12\/118186791_1695568020612314_4438315448438431554_o-129x90.jpg 129w, https:\/\/cultura.sma.gob.ar\/wp-content\/uploads\/2020\/12\/118186791_1695568020612314_4438315448438431554_o.jpg 1821w\" sizes=\"auto, (max-width: 1024px) 100vw, 1024px\" \/><\/figure><\/li><li class=\"wp-block-jetpack-slideshow_slide swiper-slide\"><figure><img loading=\"lazy\" decoding=\"async\" width=\"658\" height=\"658\" alt=\"\" class=\"wp-block-jetpack-slideshow_image wp-image-883\" data-id=\"883\" src=\"http:\/\/cultura.sma.gob.ar\/wp-content\/uploads\/2020\/12\/93491215_10223332607331282_4692569705834086400_n.jpg\" srcset=\"https:\/\/cultura.sma.gob.ar\/wp-content\/uploads\/2020\/12\/93491215_10223332607331282_4692569705834086400_n.jpg 658w, https:\/\/cultura.sma.gob.ar\/wp-content\/uploads\/2020\/12\/93491215_10223332607331282_4692569705834086400_n-300x300.jpg 300w, https:\/\/cultura.sma.gob.ar\/wp-content\/uploads\/2020\/12\/93491215_10223332607331282_4692569705834086400_n-150x150.jpg 150w, https:\/\/cultura.sma.gob.ar\/wp-content\/uploads\/2020\/12\/93491215_10223332607331282_4692569705834086400_n-90x90.jpg 90w\" sizes=\"auto, (max-width: 658px) 100vw, 658px\" \/><\/figure><\/li><li class=\"wp-block-jetpack-slideshow_slide swiper-slide\"><figure><img loading=\"lazy\" decoding=\"async\" width=\"1024\" height=\"684\" alt=\"\" class=\"wp-block-jetpack-slideshow_image wp-image-884\" data-id=\"884\" src=\"http:\/\/cultura.sma.gob.ar\/wp-content\/uploads\/2020\/12\/85004571_2756420937775206_7450369392006660096_o-1024x684.jpg\" srcset=\"https:\/\/cultura.sma.gob.ar\/wp-content\/uploads\/2020\/12\/85004571_2756420937775206_7450369392006660096_o-1024x684.jpg 1024w, https:\/\/cultura.sma.gob.ar\/wp-content\/uploads\/2020\/12\/85004571_2756420937775206_7450369392006660096_o-300x200.jpg 300w, https:\/\/cultura.sma.gob.ar\/wp-content\/uploads\/2020\/12\/85004571_2756420937775206_7450369392006660096_o-768x513.jpg 768w, https:\/\/cultura.sma.gob.ar\/wp-content\/uploads\/2020\/12\/85004571_2756420937775206_7450369392006660096_o-1536x1025.jpg 1536w, https:\/\/cultura.sma.gob.ar\/wp-content\/uploads\/2020\/12\/85004571_2756420937775206_7450369392006660096_o-135x90.jpg 135w, https:\/\/cultura.sma.gob.ar\/wp-content\/uploads\/2020\/12\/85004571_2756420937775206_7450369392006660096_o.jpg 2048w\" sizes=\"auto, (max-width: 1024px) 100vw, 1024px\" \/><\/figure><\/li><li class=\"wp-block-jetpack-slideshow_slide swiper-slide\"><figure><img loading=\"lazy\" decoding=\"async\" width=\"1024\" height=\"684\" alt=\"\" class=\"wp-block-jetpack-slideshow_image wp-image-885\" data-id=\"885\" src=\"http:\/\/cultura.sma.gob.ar\/wp-content\/uploads\/2020\/12\/84711161_2756420684441898_6652320303261155328_o-1024x684.jpg\" srcset=\"https:\/\/cultura.sma.gob.ar\/wp-content\/uploads\/2020\/12\/84711161_2756420684441898_6652320303261155328_o-1024x684.jpg 1024w, https:\/\/cultura.sma.gob.ar\/wp-content\/uploads\/2020\/12\/84711161_2756420684441898_6652320303261155328_o-300x200.jpg 300w, https:\/\/cultura.sma.gob.ar\/wp-content\/uploads\/2020\/12\/84711161_2756420684441898_6652320303261155328_o-768x513.jpg 768w, https:\/\/cultura.sma.gob.ar\/wp-content\/uploads\/2020\/12\/84711161_2756420684441898_6652320303261155328_o-1536x1025.jpg 1536w, https:\/\/cultura.sma.gob.ar\/wp-content\/uploads\/2020\/12\/84711161_2756420684441898_6652320303261155328_o-135x90.jpg 135w, https:\/\/cultura.sma.gob.ar\/wp-content\/uploads\/2020\/12\/84711161_2756420684441898_6652320303261155328_o.jpg 2048w\" sizes=\"auto, (max-width: 1024px) 100vw, 1024px\" \/><\/figure><\/li><li class=\"wp-block-jetpack-slideshow_slide swiper-slide\"><figure><img loading=\"lazy\" decoding=\"async\" width=\"1024\" height=\"683\" alt=\"\" class=\"wp-block-jetpack-slideshow_image wp-image-886\" data-id=\"886\" src=\"http:\/\/cultura.sma.gob.ar\/wp-content\/uploads\/2020\/12\/82803293_2728365953914038_4876073527880450048_o-1024x683.jpg\" srcset=\"https:\/\/cultura.sma.gob.ar\/wp-content\/uploads\/2020\/12\/82803293_2728365953914038_4876073527880450048_o-1024x683.jpg 1024w, https:\/\/cultura.sma.gob.ar\/wp-content\/uploads\/2020\/12\/82803293_2728365953914038_4876073527880450048_o-300x200.jpg 300w, https:\/\/cultura.sma.gob.ar\/wp-content\/uploads\/2020\/12\/82803293_2728365953914038_4876073527880450048_o-768x512.jpg 768w, https:\/\/cultura.sma.gob.ar\/wp-content\/uploads\/2020\/12\/82803293_2728365953914038_4876073527880450048_o-1536x1024.jpg 1536w, https:\/\/cultura.sma.gob.ar\/wp-content\/uploads\/2020\/12\/82803293_2728365953914038_4876073527880450048_o-135x90.jpg 135w, https:\/\/cultura.sma.gob.ar\/wp-content\/uploads\/2020\/12\/82803293_2728365953914038_4876073527880450048_o.jpg 2048w\" sizes=\"auto, (max-width: 1024px) 100vw, 1024px\" \/><\/figure><\/li><li class=\"wp-block-jetpack-slideshow_slide swiper-slide\"><figure><img loading=\"lazy\" decoding=\"async\" width=\"667\" height=\"1000\" alt=\"\" class=\"wp-block-jetpack-slideshow_image wp-image-887\" data-id=\"887\" src=\"http:\/\/cultura.sma.gob.ar\/wp-content\/uploads\/2020\/12\/82522186_2722618801155420_1710420229701500928_o.jpg\" srcset=\"https:\/\/cultura.sma.gob.ar\/wp-content\/uploads\/2020\/12\/82522186_2722618801155420_1710420229701500928_o.jpg 667w, https:\/\/cultura.sma.gob.ar\/wp-content\/uploads\/2020\/12\/82522186_2722618801155420_1710420229701500928_o-200x300.jpg 200w, https:\/\/cultura.sma.gob.ar\/wp-content\/uploads\/2020\/12\/82522186_2722618801155420_1710420229701500928_o-60x90.jpg 60w\" sizes=\"auto, (max-width: 667px) 100vw, 667px\" \/><\/figure><\/li><li class=\"wp-block-jetpack-slideshow_slide swiper-slide\"><figure><img loading=\"lazy\" decoding=\"async\" width=\"1024\" height=\"683\" alt=\"\" class=\"wp-block-jetpack-slideshow_image wp-image-888\" data-id=\"888\" src=\"http:\/\/cultura.sma.gob.ar\/wp-content\/uploads\/2020\/12\/82990919_2728360363914597_4065926169097142272_o-1024x683.jpg\" srcset=\"https:\/\/cultura.sma.gob.ar\/wp-content\/uploads\/2020\/12\/82990919_2728360363914597_4065926169097142272_o-1024x683.jpg 1024w, https:\/\/cultura.sma.gob.ar\/wp-content\/uploads\/2020\/12\/82990919_2728360363914597_4065926169097142272_o-300x200.jpg 300w, https:\/\/cultura.sma.gob.ar\/wp-content\/uploads\/2020\/12\/82990919_2728360363914597_4065926169097142272_o-768x512.jpg 768w, https:\/\/cultura.sma.gob.ar\/wp-content\/uploads\/2020\/12\/82990919_2728360363914597_4065926169097142272_o-1536x1024.jpg 1536w, https:\/\/cultura.sma.gob.ar\/wp-content\/uploads\/2020\/12\/82990919_2728360363914597_4065926169097142272_o-135x90.jpg 135w, https:\/\/cultura.sma.gob.ar\/wp-content\/uploads\/2020\/12\/82990919_2728360363914597_4065926169097142272_o.jpg 2048w\" sizes=\"auto, (max-width: 1024px) 100vw, 1024px\" \/><\/figure><\/li><li class=\"wp-block-jetpack-slideshow_slide swiper-slide\"><figure><img loading=\"lazy\" decoding=\"async\" width=\"1024\" height=\"684\" alt=\"\" class=\"wp-block-jetpack-slideshow_image wp-image-889\" data-id=\"889\" src=\"http:\/\/cultura.sma.gob.ar\/wp-content\/uploads\/2020\/12\/82443374_2709548229129144_6469882165680144384_o-1024x684.jpg\" srcset=\"https:\/\/cultura.sma.gob.ar\/wp-content\/uploads\/2020\/12\/82443374_2709548229129144_6469882165680144384_o-1024x684.jpg 1024w, https:\/\/cultura.sma.gob.ar\/wp-content\/uploads\/2020\/12\/82443374_2709548229129144_6469882165680144384_o-300x200.jpg 300w, https:\/\/cultura.sma.gob.ar\/wp-content\/uploads\/2020\/12\/82443374_2709548229129144_6469882165680144384_o-768x513.jpg 768w, https:\/\/cultura.sma.gob.ar\/wp-content\/uploads\/2020\/12\/82443374_2709548229129144_6469882165680144384_o-1536x1025.jpg 1536w, https:\/\/cultura.sma.gob.ar\/wp-content\/uploads\/2020\/12\/82443374_2709548229129144_6469882165680144384_o-135x90.jpg 135w, https:\/\/cultura.sma.gob.ar\/wp-content\/uploads\/2020\/12\/82443374_2709548229129144_6469882165680144384_o.jpg 1772w\" sizes=\"auto, (max-width: 1024px) 100vw, 1024px\" \/><\/figure><\/li><li class=\"wp-block-jetpack-slideshow_slide swiper-slide\"><figure><img loading=\"lazy\" decoding=\"async\" width=\"1024\" height=\"684\" alt=\"\" class=\"wp-block-jetpack-slideshow_image wp-image-890\" data-id=\"890\" src=\"http:\/\/cultura.sma.gob.ar\/wp-content\/uploads\/2020\/12\/82402731_2709548119129155_2321873777077518336_o-1024x684.jpg\" srcset=\"https:\/\/cultura.sma.gob.ar\/wp-content\/uploads\/2020\/12\/82402731_2709548119129155_2321873777077518336_o-1024x684.jpg 1024w, https:\/\/cultura.sma.gob.ar\/wp-content\/uploads\/2020\/12\/82402731_2709548119129155_2321873777077518336_o-300x200.jpg 300w, https:\/\/cultura.sma.gob.ar\/wp-content\/uploads\/2020\/12\/82402731_2709548119129155_2321873777077518336_o-768x513.jpg 768w, https:\/\/cultura.sma.gob.ar\/wp-content\/uploads\/2020\/12\/82402731_2709548119129155_2321873777077518336_o-1536x1025.jpg 1536w, https:\/\/cultura.sma.gob.ar\/wp-content\/uploads\/2020\/12\/82402731_2709548119129155_2321873777077518336_o-135x90.jpg 135w, https:\/\/cultura.sma.gob.ar\/wp-content\/uploads\/2020\/12\/82402731_2709548119129155_2321873777077518336_o.jpg 1772w\" sizes=\"auto, (max-width: 1024px) 100vw, 1024px\" \/><\/figure><\/li><li class=\"wp-block-jetpack-slideshow_slide swiper-slide\"><figure><img loading=\"lazy\" decoding=\"async\" width=\"1024\" height=\"684\" alt=\"\" class=\"wp-block-jetpack-slideshow_image wp-image-891\" data-id=\"891\" src=\"http:\/\/cultura.sma.gob.ar\/wp-content\/uploads\/2020\/12\/77410281_2600436130040355_194723169976713216_o-1024x684.jpg\" srcset=\"https:\/\/cultura.sma.gob.ar\/wp-content\/uploads\/2020\/12\/77410281_2600436130040355_194723169976713216_o-1024x684.jpg 1024w, https:\/\/cultura.sma.gob.ar\/wp-content\/uploads\/2020\/12\/77410281_2600436130040355_194723169976713216_o-300x200.jpg 300w, https:\/\/cultura.sma.gob.ar\/wp-content\/uploads\/2020\/12\/77410281_2600436130040355_194723169976713216_o-768x513.jpg 768w, https:\/\/cultura.sma.gob.ar\/wp-content\/uploads\/2020\/12\/77410281_2600436130040355_194723169976713216_o-1536x1025.jpg 1536w, https:\/\/cultura.sma.gob.ar\/wp-content\/uploads\/2020\/12\/77410281_2600436130040355_194723169976713216_o-135x90.jpg 135w, https:\/\/cultura.sma.gob.ar\/wp-content\/uploads\/2020\/12\/77410281_2600436130040355_194723169976713216_o.jpg 2048w\" sizes=\"auto, (max-width: 1024px) 100vw, 1024px\" \/><\/figure><\/li><li class=\"wp-block-jetpack-slideshow_slide swiper-slide\"><figure><img loading=\"lazy\" decoding=\"async\" width=\"684\" height=\"1024\" alt=\"\" class=\"wp-block-jetpack-slideshow_image wp-image-892\" data-id=\"892\" src=\"http:\/\/cultura.sma.gob.ar\/wp-content\/uploads\/2020\/12\/66782615_2336182643132373_8209310531484385280_o-684x1024.jpg\" srcset=\"https:\/\/cultura.sma.gob.ar\/wp-content\/uploads\/2020\/12\/66782615_2336182643132373_8209310531484385280_o-684x1024.jpg 684w, https:\/\/cultura.sma.gob.ar\/wp-content\/uploads\/2020\/12\/66782615_2336182643132373_8209310531484385280_o-200x300.jpg 200w, https:\/\/cultura.sma.gob.ar\/wp-content\/uploads\/2020\/12\/66782615_2336182643132373_8209310531484385280_o-768x1150.jpg 768w, https:\/\/cultura.sma.gob.ar\/wp-content\/uploads\/2020\/12\/66782615_2336182643132373_8209310531484385280_o-1026x1536.jpg 1026w, https:\/\/cultura.sma.gob.ar\/wp-content\/uploads\/2020\/12\/66782615_2336182643132373_8209310531484385280_o-60x90.jpg 60w, https:\/\/cultura.sma.gob.ar\/wp-content\/uploads\/2020\/12\/66782615_2336182643132373_8209310531484385280_o.jpg 1341w\" sizes=\"auto, (max-width: 684px) 100vw, 684px\" \/><\/figure><\/li><li class=\"wp-block-jetpack-slideshow_slide swiper-slide\"><figure><img loading=\"lazy\" decoding=\"async\" width=\"1024\" height=\"684\" alt=\"\" class=\"wp-block-jetpack-slideshow_image wp-image-893\" data-id=\"893\" src=\"http:\/\/cultura.sma.gob.ar\/wp-content\/uploads\/2020\/12\/66765339_2336184249798879_226408041367470080_o-1024x684.jpg\" srcset=\"https:\/\/cultura.sma.gob.ar\/wp-content\/uploads\/2020\/12\/66765339_2336184249798879_226408041367470080_o-1024x684.jpg 1024w, https:\/\/cultura.sma.gob.ar\/wp-content\/uploads\/2020\/12\/66765339_2336184249798879_226408041367470080_o-300x200.jpg 300w, https:\/\/cultura.sma.gob.ar\/wp-content\/uploads\/2020\/12\/66765339_2336184249798879_226408041367470080_o-768x513.jpg 768w, https:\/\/cultura.sma.gob.ar\/wp-content\/uploads\/2020\/12\/66765339_2336184249798879_226408041367470080_o-1536x1025.jpg 1536w, https:\/\/cultura.sma.gob.ar\/wp-content\/uploads\/2020\/12\/66765339_2336184249798879_226408041367470080_o-135x90.jpg 135w, https:\/\/cultura.sma.gob.ar\/wp-content\/uploads\/2020\/12\/66765339_2336184249798879_226408041367470080_o.jpg 2048w\" sizes=\"auto, (max-width: 1024px) 100vw, 1024px\" \/><\/figure><\/li><li class=\"wp-block-jetpack-slideshow_slide swiper-slide\"><figure><img loading=\"lazy\" decoding=\"async\" width=\"1024\" height=\"684\" alt=\"\" class=\"wp-block-jetpack-slideshow_image wp-image-894\" data-id=\"894\" src=\"http:\/\/cultura.sma.gob.ar\/wp-content\/uploads\/2020\/12\/66303255_10212697813754438_3033475516435791872_o-1024x684.jpg\" srcset=\"https:\/\/cultura.sma.gob.ar\/wp-content\/uploads\/2020\/12\/66303255_10212697813754438_3033475516435791872_o-1024x684.jpg 1024w, https:\/\/cultura.sma.gob.ar\/wp-content\/uploads\/2020\/12\/66303255_10212697813754438_3033475516435791872_o-300x200.jpg 300w, https:\/\/cultura.sma.gob.ar\/wp-content\/uploads\/2020\/12\/66303255_10212697813754438_3033475516435791872_o-768x513.jpg 768w, https:\/\/cultura.sma.gob.ar\/wp-content\/uploads\/2020\/12\/66303255_10212697813754438_3033475516435791872_o-1536x1025.jpg 1536w, https:\/\/cultura.sma.gob.ar\/wp-content\/uploads\/2020\/12\/66303255_10212697813754438_3033475516435791872_o-135x90.jpg 135w, https:\/\/cultura.sma.gob.ar\/wp-content\/uploads\/2020\/12\/66303255_10212697813754438_3033475516435791872_o.jpg 2048w\" sizes=\"auto, (max-width: 1024px) 100vw, 1024px\" \/><\/figure><\/li><li class=\"wp-block-jetpack-slideshow_slide swiper-slide\"><figure><img loading=\"lazy\" decoding=\"async\" width=\"467\" height=\"700\" alt=\"\" class=\"wp-block-jetpack-slideshow_image wp-image-895\" data-id=\"895\" src=\"http:\/\/cultura.sma.gob.ar\/wp-content\/uploads\/2020\/12\/37732314_1805633506187292_4556105267556646912_n.jpg\" srcset=\"https:\/\/cultura.sma.gob.ar\/wp-content\/uploads\/2020\/12\/37732314_1805633506187292_4556105267556646912_n.jpg 467w, https:\/\/cultura.sma.gob.ar\/wp-content\/uploads\/2020\/12\/37732314_1805633506187292_4556105267556646912_n-200x300.jpg 200w, https:\/\/cultura.sma.gob.ar\/wp-content\/uploads\/2020\/12\/37732314_1805633506187292_4556105267556646912_n-60x90.jpg 60w\" sizes=\"auto, (max-width: 467px) 100vw, 467px\" \/><\/figure><\/li><li class=\"wp-block-jetpack-slideshow_slide swiper-slide\"><figure><img loading=\"lazy\" decoding=\"async\" width=\"684\" height=\"1024\" alt=\"\" class=\"wp-block-jetpack-slideshow_image wp-image-896\" data-id=\"896\" src=\"http:\/\/cultura.sma.gob.ar\/wp-content\/uploads\/2020\/12\/46963400_1983951968355444_3607326702444740608_o-684x1024.jpg\" srcset=\"https:\/\/cultura.sma.gob.ar\/wp-content\/uploads\/2020\/12\/46963400_1983951968355444_3607326702444740608_o-684x1024.jpg 684w, https:\/\/cultura.sma.gob.ar\/wp-content\/uploads\/2020\/12\/46963400_1983951968355444_3607326702444740608_o-200x300.jpg 200w, https:\/\/cultura.sma.gob.ar\/wp-content\/uploads\/2020\/12\/46963400_1983951968355444_3607326702444740608_o-768x1151.jpg 768w, https:\/\/cultura.sma.gob.ar\/wp-content\/uploads\/2020\/12\/46963400_1983951968355444_3607326702444740608_o-1025x1536.jpg 1025w, https:\/\/cultura.sma.gob.ar\/wp-content\/uploads\/2020\/12\/46963400_1983951968355444_3607326702444740608_o-60x90.jpg 60w, https:\/\/cultura.sma.gob.ar\/wp-content\/uploads\/2020\/12\/46963400_1983951968355444_3607326702444740608_o.jpg 1367w\" sizes=\"auto, (max-width: 684px) 100vw, 684px\" \/><\/figure><\/li><li class=\"wp-block-jetpack-slideshow_slide swiper-slide\"><figure><img loading=\"lazy\" decoding=\"async\" width=\"800\" height=\"534\" alt=\"\" class=\"wp-block-jetpack-slideshow_image wp-image-897\" data-id=\"897\" src=\"http:\/\/cultura.sma.gob.ar\/wp-content\/uploads\/2020\/12\/37724646_1805633872853922_7500426892244156416_n.jpg\" srcset=\"https:\/\/cultura.sma.gob.ar\/wp-content\/uploads\/2020\/12\/37724646_1805633872853922_7500426892244156416_n.jpg 800w, https:\/\/cultura.sma.gob.ar\/wp-content\/uploads\/2020\/12\/37724646_1805633872853922_7500426892244156416_n-300x200.jpg 300w, https:\/\/cultura.sma.gob.ar\/wp-content\/uploads\/2020\/12\/37724646_1805633872853922_7500426892244156416_n-768x513.jpg 768w, https:\/\/cultura.sma.gob.ar\/wp-content\/uploads\/2020\/12\/37724646_1805633872853922_7500426892244156416_n-135x90.jpg 135w\" sizes=\"auto, (max-width: 800px) 100vw, 800px\" \/><\/figure><\/li><\/ul><a class=\"wp-block-jetpack-slideshow_button-prev swiper-button-prev swiper-button-white\" role=\"button\"><\/a><a class=\"wp-block-jetpack-slideshow_button-next swiper-button-next swiper-button-white\" role=\"button\"><\/a><a aria-label=\"Pause Slideshow\" class=\"wp-block-jetpack-slideshow_button-pause\" role=\"button\"><\/a><div class=\"wp-block-jetpack-slideshow_pagination swiper-pagination swiper-pagination-white\"><\/div><\/div><\/div>\n","protected":false},"excerpt":{"rendered":"<p>Del 16 al 20 de diciembre, en diferentes puntos de la ciudad. <a href=\"https:\/\/cultura.sma.gob.ar\/?p=875\" class=\"more-link\">Continue reading <span class=\"screen-reader-text\">Este  mi\u00e9rcoles empieza el 7\u00b0 Festival de Circo de San Mart\u00edn de los Andes<\/span><\/a><\/p>\n","protected":false},"author":1,"featured_media":296,"comment_status":"closed","ping_status":"","sticky":false,"template":"","format":"image","meta":{"footnotes":""},"categories":[3,9],"tags":[],"class_list":["post-875","post","type-post","status-publish","format-image","has-post-thumbnail","hentry","category-eventos-cultura","category-ultimas-noticias","post_format-post-format-image"],"_links":{"self":[{"href":"https:\/\/cultura.sma.gob.ar\/index.php?rest_route=\/wp\/v2\/posts\/875","targetHints":{"allow":["GET"]}}],"collection":[{"href":"https:\/\/cultura.sma.gob.ar\/index.php?rest_route=\/wp\/v2\/posts"}],"about":[{"href":"https:\/\/cultura.sma.gob.ar\/index.php?rest_route=\/wp\/v2\/types\/post"}],"author":[{"embeddable":true,"href":"https:\/\/cultura.sma.gob.ar\/index.php?rest_route=\/wp\/v2\/users\/1"}],"replies":[{"embeddable":true,"href":"https:\/\/cultura.sma.gob.ar\/index.php?rest_route=%2Fwp%2Fv2%2Fcomments&post=875"}],"version-history":[{"count":1,"href":"https:\/\/cultura.sma.gob.ar\/index.php?rest_route=\/wp\/v2\/posts\/875\/revisions"}],"predecessor-version":[{"id":898,"href":"https:\/\/cultura.sma.gob.ar\/index.php?rest_route=\/wp\/v2\/posts\/875\/revisions\/898"}],"wp:featuredmedia":[{"embeddable":true,"href":"https:\/\/cultura.sma.gob.ar\/index.php?rest_route=\/wp\/v2\/media\/296"}],"wp:attachment":[{"href":"https:\/\/cultura.sma.gob.ar\/index.php?rest_route=%2Fwp%2Fv2%2Fmedia&parent=875"}],"wp:term":[{"taxonomy":"category","embeddable":true,"href":"https:\/\/cultura.sma.gob.ar\/index.php?rest_route=%2Fwp%2Fv2%2Fcategories&post=875"},{"taxonomy":"post_tag","embeddable":true,"href":"https:\/\/cultura.sma.gob.ar\/index.php?rest_route=%2Fwp%2Fv2%2Ftags&post=875"}],"curies":[{"name":"wp","href":"https:\/\/api.w.org\/{rel}","templated":true}]}}