{"id":865,"date":"2020-12-09T10:31:57","date_gmt":"2020-12-09T13:31:57","guid":{"rendered":"http:\/\/cultura.sma.gob.ar\/?p=865"},"modified":"2020-12-09T10:34:03","modified_gmt":"2020-12-09T13:34:03","slug":"865","status":"publish","type":"post","link":"https:\/\/cultura.sma.gob.ar\/?p=865","title":{"rendered":"Paola Ilabaca y Laura Rubio se presentan en el Ciclo Mu.Sa"},"content":{"rendered":"\n<figure class=\"wp-block-image size-large\"><img loading=\"lazy\" decoding=\"async\" width=\"990\" height=\"1024\" src=\"http:\/\/cultura.sma.gob.ar\/wp-content\/uploads\/2020\/12\/PAO-ILABACA-990x1024.jpeg\" alt=\"\" class=\"wp-image-866\" srcset=\"https:\/\/cultura.sma.gob.ar\/wp-content\/uploads\/2020\/12\/PAO-ILABACA-990x1024.jpeg 990w, https:\/\/cultura.sma.gob.ar\/wp-content\/uploads\/2020\/12\/PAO-ILABACA-290x300.jpeg 290w, https:\/\/cultura.sma.gob.ar\/wp-content\/uploads\/2020\/12\/PAO-ILABACA-768x795.jpeg 768w, https:\/\/cultura.sma.gob.ar\/wp-content\/uploads\/2020\/12\/PAO-ILABACA-87x90.jpeg 87w, https:\/\/cultura.sma.gob.ar\/wp-content\/uploads\/2020\/12\/PAO-ILABACA.jpeg 1237w\" sizes=\"auto, (max-width: 990px) 100vw, 990px\" \/><\/figure>\n\n\n\n<p>El mi\u00e9rcoles <strong>9 de diciembre a las 19hs.<\/strong> se presentar\u00e1 <strong>Paola Ilabaca <\/strong>acompa\u00f1ada por la pianista <strong>Laura Rubio<\/strong>. <\/p>\n\n\n\n<p>Ambas son m\u00fasicas de la ciudad de San Mart\u00edn de los Andes y para \u00e9sta ocasi\u00f3n han preparado un repertorio de nuestra m\u00fasica folkl\u00f3rica popular que abarca diferentes provincias de nuestro pa\u00eds. <\/p>\n\n\n\n<p>Adem\u00e1s y como estreno presentar\u00e1n una composici\u00f3n de Paola con letra de la poeta local Mar\u00eda Cristina Venturini y dos composiciones de Emmanuel Rocha m\u00fasico local de San Mart\u00edn de los Andes. <\/p>\n\n\n\n<p><strong>La cita ser\u00e1 transmitida v\u00eda streaming de facebook de la p\u00e1gina de MU.SA desde la Sala Amancay del Centro Cultural Cotesma.<\/strong><\/p>\n","protected":false},"excerpt":{"rendered":"<p>Miercoles 9 a las 19hs v\u00eda streaming <a href=\"https:\/\/cultura.sma.gob.ar\/?p=865\" class=\"more-link\">Continue reading <span class=\"screen-reader-text\">Paola Ilabaca y Laura Rubio se presentan en el Ciclo Mu.Sa<\/span><\/a><\/p>\n","protected":false},"author":1,"featured_media":297,"comment_status":"closed","ping_status":"","sticky":false,"template":"","format":"image","meta":{"footnotes":""},"categories":[2,9],"tags":[],"class_list":["post-865","post","type-post","status-publish","format-image","has-post-thumbnail","hentry","category-ciudad-cultural","category-ultimas-noticias","post_format-post-format-image"],"_links":{"self":[{"href":"https:\/\/cultura.sma.gob.ar\/index.php?rest_route=\/wp\/v2\/posts\/865","targetHints":{"allow":["GET"]}}],"collection":[{"href":"https:\/\/cultura.sma.gob.ar\/index.php?rest_route=\/wp\/v2\/posts"}],"about":[{"href":"https:\/\/cultura.sma.gob.ar\/index.php?rest_route=\/wp\/v2\/types\/post"}],"author":[{"embeddable":true,"href":"https:\/\/cultura.sma.gob.ar\/index.php?rest_route=\/wp\/v2\/users\/1"}],"replies":[{"embeddable":true,"href":"https:\/\/cultura.sma.gob.ar\/index.php?rest_route=%2Fwp%2Fv2%2Fcomments&post=865"}],"version-history":[{"count":2,"href":"https:\/\/cultura.sma.gob.ar\/index.php?rest_route=\/wp\/v2\/posts\/865\/revisions"}],"predecessor-version":[{"id":868,"href":"https:\/\/cultura.sma.gob.ar\/index.php?rest_route=\/wp\/v2\/posts\/865\/revisions\/868"}],"wp:featuredmedia":[{"embeddable":true,"href":"https:\/\/cultura.sma.gob.ar\/index.php?rest_route=\/wp\/v2\/media\/297"}],"wp:attachment":[{"href":"https:\/\/cultura.sma.gob.ar\/index.php?rest_route=%2Fwp%2Fv2%2Fmedia&parent=865"}],"wp:term":[{"taxonomy":"category","embeddable":true,"href":"https:\/\/cultura.sma.gob.ar\/index.php?rest_route=%2Fwp%2Fv2%2Fcategories&post=865"},{"taxonomy":"post_tag","embeddable":true,"href":"https:\/\/cultura.sma.gob.ar\/index.php?rest_route=%2Fwp%2Fv2%2Ftags&post=865"}],"curies":[{"name":"wp","href":"https:\/\/api.w.org\/{rel}","templated":true}]}}