{"id":862,"date":"2020-12-09T10:25:48","date_gmt":"2020-12-09T13:25:48","guid":{"rendered":"http:\/\/cultura.sma.gob.ar\/?p=862"},"modified":"2020-12-09T10:25:48","modified_gmt":"2020-12-09T13:25:48","slug":"expo-construcciones-2020-cccotesma","status":"publish","type":"post","link":"https:\/\/cultura.sma.gob.ar\/?p=862","title":{"rendered":"Expo Construcciones 2020 &#8211; CCCotesma"},"content":{"rendered":"\n<figure class=\"wp-block-image size-large\"><img loading=\"lazy\" decoding=\"async\" width=\"703\" height=\"1024\" src=\"http:\/\/cultura.sma.gob.ar\/wp-content\/uploads\/2020\/12\/Flyer-Expo-final_page-0001-703x1024.jpg\" alt=\"\" class=\"wp-image-863\" srcset=\"https:\/\/cultura.sma.gob.ar\/wp-content\/uploads\/2020\/12\/Flyer-Expo-final_page-0001-703x1024.jpg 703w, https:\/\/cultura.sma.gob.ar\/wp-content\/uploads\/2020\/12\/Flyer-Expo-final_page-0001-206x300.jpg 206w, https:\/\/cultura.sma.gob.ar\/wp-content\/uploads\/2020\/12\/Flyer-Expo-final_page-0001-768x1119.jpg 768w, https:\/\/cultura.sma.gob.ar\/wp-content\/uploads\/2020\/12\/Flyer-Expo-final_page-0001-1054x1536.jpg 1054w, https:\/\/cultura.sma.gob.ar\/wp-content\/uploads\/2020\/12\/Flyer-Expo-final_page-0001-1406x2048.jpg 1406w, https:\/\/cultura.sma.gob.ar\/wp-content\/uploads\/2020\/12\/Flyer-Expo-final_page-0001-62x90.jpg 62w, https:\/\/cultura.sma.gob.ar\/wp-content\/uploads\/2020\/12\/Flyer-Expo-final_page-0001-scaled.jpg 1757w\" sizes=\"auto, (max-width: 703px) 100vw, 703px\" \/><\/figure>\n\n\n\n<p>Desde el <strong>mi\u00e9rcoles 09 al viernes 11 de diciembre en la Sala G\u00fcnther Blaas<\/strong> del Centro Cultural Cotesma, los alumnos de 6to a\u00f1o de la Modalidad de Construcciones de la E.P.E.T. 12 realizar\u00e1n la Muestra \u201cEXPO CONSTRUCCIONES 2020\u201d, presentando su Proyecto Integrador Final, que se trata de la realizaci\u00f3n de un proyecto de vivienda unifamiliar teniendo en cuenta el contexto hist\u00f3rico y cultural de la Comunidad Mapuche Vera\u00ad.<\/p>\n\n\n\n<p>Este Proyecto integrador fue la oportunidad de debatir sobre la problem\u00e1tica habitacional real y de un comitente real, pudiendo realizar su primera experiencia pr\u00e1ctica ligada al mundo del trabajo.<\/p>\n\n\n\n<p>Se trat\u00f3 de problematizar la mirada respecto a la ense\u00f1anza que se brinda a un Maestro Mayor de Obras, para comprender su car\u00e1cter multidimensional y lograr un aprendizaje significativo, que les posibilite generar propuestas de intervenci\u00f3n did\u00e1ctica tendientes a la democratizaci\u00f3n de los saberes y la participaci\u00f3n ciudadana.<\/p>\n\n\n\n<p>La misma se realizar\u00e1 bajo estricto protocolo sanitario, con cupos limitados para cada ronda de visita.<\/p>\n","protected":false},"excerpt":{"rendered":"<p>Del 9 al 11 de diciembre en la Sala Gunther Blaas <a href=\"https:\/\/cultura.sma.gob.ar\/?p=862\" class=\"more-link\">Continue reading <span class=\"screen-reader-text\">Expo Construcciones 2020 &#8211; CCCotesma<\/span><\/a><\/p>\n","protected":false},"author":1,"featured_media":297,"comment_status":"closed","ping_status":"","sticky":false,"template":"","format":"image","meta":{"footnotes":""},"categories":[2,9],"tags":[],"class_list":["post-862","post","type-post","status-publish","format-image","has-post-thumbnail","hentry","category-ciudad-cultural","category-ultimas-noticias","post_format-post-format-image"],"_links":{"self":[{"href":"https:\/\/cultura.sma.gob.ar\/index.php?rest_route=\/wp\/v2\/posts\/862","targetHints":{"allow":["GET"]}}],"collection":[{"href":"https:\/\/cultura.sma.gob.ar\/index.php?rest_route=\/wp\/v2\/posts"}],"about":[{"href":"https:\/\/cultura.sma.gob.ar\/index.php?rest_route=\/wp\/v2\/types\/post"}],"author":[{"embeddable":true,"href":"https:\/\/cultura.sma.gob.ar\/index.php?rest_route=\/wp\/v2\/users\/1"}],"replies":[{"embeddable":true,"href":"https:\/\/cultura.sma.gob.ar\/index.php?rest_route=%2Fwp%2Fv2%2Fcomments&post=862"}],"version-history":[{"count":1,"href":"https:\/\/cultura.sma.gob.ar\/index.php?rest_route=\/wp\/v2\/posts\/862\/revisions"}],"predecessor-version":[{"id":864,"href":"https:\/\/cultura.sma.gob.ar\/index.php?rest_route=\/wp\/v2\/posts\/862\/revisions\/864"}],"wp:featuredmedia":[{"embeddable":true,"href":"https:\/\/cultura.sma.gob.ar\/index.php?rest_route=\/wp\/v2\/media\/297"}],"wp:attachment":[{"href":"https:\/\/cultura.sma.gob.ar\/index.php?rest_route=%2Fwp%2Fv2%2Fmedia&parent=862"}],"wp:term":[{"taxonomy":"category","embeddable":true,"href":"https:\/\/cultura.sma.gob.ar\/index.php?rest_route=%2Fwp%2Fv2%2Fcategories&post=862"},{"taxonomy":"post_tag","embeddable":true,"href":"https:\/\/cultura.sma.gob.ar\/index.php?rest_route=%2Fwp%2Fv2%2Ftags&post=862"}],"curies":[{"name":"wp","href":"https:\/\/api.w.org\/{rel}","templated":true}]}}