{"id":856,"date":"2020-12-09T09:59:40","date_gmt":"2020-12-09T12:59:40","guid":{"rendered":"http:\/\/cultura.sma.gob.ar\/?p=856"},"modified":"2020-12-09T13:40:18","modified_gmt":"2020-12-09T16:40:18","slug":"fechas-confirmadas-de-actividades-reprogramadas-en-el-marco-de-la-feria-regional-del-libro","status":"publish","type":"post","link":"https:\/\/cultura.sma.gob.ar\/?p=856","title":{"rendered":"Fechas confirmadas de actividades reprogramadas en el marco de la Feria Regional del Libro"},"content":{"rendered":"\n<div class=\"wp-block-jetpack-slideshow aligncenter\" data-effect=\"slide\"><div class=\"wp-block-jetpack-slideshow_container swiper-container\"><ul class=\"wp-block-jetpack-slideshow_swiper-wrapper swiper-wrapper\"><li class=\"wp-block-jetpack-slideshow_slide swiper-slide\"><figure><img loading=\"lazy\" decoding=\"async\" width=\"1024\" height=\"1024\" alt=\"\" class=\"wp-block-jetpack-slideshow_image wp-image-857\" data-id=\"857\" src=\"http:\/\/cultura.sma.gob.ar\/wp-content\/uploads\/2020\/12\/calendario-fdl-12-1-1024x1024.jpg\" srcset=\"https:\/\/cultura.sma.gob.ar\/wp-content\/uploads\/2020\/12\/calendario-fdl-12-1-1024x1024.jpg 1024w, https:\/\/cultura.sma.gob.ar\/wp-content\/uploads\/2020\/12\/calendario-fdl-12-1-300x300.jpg 300w, https:\/\/cultura.sma.gob.ar\/wp-content\/uploads\/2020\/12\/calendario-fdl-12-1-150x150.jpg 150w, https:\/\/cultura.sma.gob.ar\/wp-content\/uploads\/2020\/12\/calendario-fdl-12-1-768x768.jpg 768w, https:\/\/cultura.sma.gob.ar\/wp-content\/uploads\/2020\/12\/calendario-fdl-12-1-1536x1536.jpg 1536w, https:\/\/cultura.sma.gob.ar\/wp-content\/uploads\/2020\/12\/calendario-fdl-12-1-90x90.jpg 90w, https:\/\/cultura.sma.gob.ar\/wp-content\/uploads\/2020\/12\/calendario-fdl-12-1.jpg 1875w\" sizes=\"auto, (max-width: 1024px) 100vw, 1024px\" \/><\/figure><\/li><li class=\"wp-block-jetpack-slideshow_slide swiper-slide\"><figure><img loading=\"lazy\" decoding=\"async\" width=\"300\" height=\"300\" alt=\"\" class=\"wp-block-jetpack-slideshow_image wp-image-858\" data-id=\"858\" src=\"http:\/\/cultura.sma.gob.ar\/wp-content\/uploads\/2020\/12\/Taller-_Relato-Fotografico_-19-300x300.png\" srcset=\"https:\/\/cultura.sma.gob.ar\/wp-content\/uploads\/2020\/12\/Taller-_Relato-Fotografico_-19-300x300.png 300w, https:\/\/cultura.sma.gob.ar\/wp-content\/uploads\/2020\/12\/Taller-_Relato-Fotografico_-19-150x150.png 150w, https:\/\/cultura.sma.gob.ar\/wp-content\/uploads\/2020\/12\/Taller-_Relato-Fotografico_-19-768x768.png 768w, https:\/\/cultura.sma.gob.ar\/wp-content\/uploads\/2020\/12\/Taller-_Relato-Fotografico_-19-90x90.png 90w, https:\/\/cultura.sma.gob.ar\/wp-content\/uploads\/2020\/12\/Taller-_Relato-Fotografico_-19.png 787w\" sizes=\"auto, (max-width: 300px) 100vw, 300px\" \/><\/figure><\/li><li class=\"wp-block-jetpack-slideshow_slide swiper-slide\"><figure><img loading=\"lazy\" decoding=\"async\" width=\"300\" height=\"298\" alt=\"\" class=\"wp-block-jetpack-slideshow_image wp-image-859\" data-id=\"859\" src=\"http:\/\/cultura.sma.gob.ar\/wp-content\/uploads\/2020\/12\/Copia-de-Taller-_Relato-Fotografico_-16-300x298.png\" srcset=\"https:\/\/cultura.sma.gob.ar\/wp-content\/uploads\/2020\/12\/Copia-de-Taller-_Relato-Fotografico_-16-300x298.png 300w, https:\/\/cultura.sma.gob.ar\/wp-content\/uploads\/2020\/12\/Copia-de-Taller-_Relato-Fotografico_-16-150x150.png 150w, https:\/\/cultura.sma.gob.ar\/wp-content\/uploads\/2020\/12\/Copia-de-Taller-_Relato-Fotografico_-16-768x764.png 768w, https:\/\/cultura.sma.gob.ar\/wp-content\/uploads\/2020\/12\/Copia-de-Taller-_Relato-Fotografico_-16-90x90.png 90w, https:\/\/cultura.sma.gob.ar\/wp-content\/uploads\/2020\/12\/Copia-de-Taller-_Relato-Fotografico_-16.png 783w\" sizes=\"auto, (max-width: 300px) 100vw, 300px\" \/><\/figure><\/li><li class=\"wp-block-jetpack-slideshow_slide swiper-slide\"><figure><img loading=\"lazy\" decoding=\"async\" width=\"300\" height=\"295\" alt=\"\" class=\"wp-block-jetpack-slideshow_image wp-image-860\" data-id=\"860\" src=\"http:\/\/cultura.sma.gob.ar\/wp-content\/uploads\/2020\/12\/Copia-de-Taller-_Relato-Fotografico_-18-300x295.png\" srcset=\"https:\/\/cultura.sma.gob.ar\/wp-content\/uploads\/2020\/12\/Copia-de-Taller-_Relato-Fotografico_-18-300x295.png 300w, https:\/\/cultura.sma.gob.ar\/wp-content\/uploads\/2020\/12\/Copia-de-Taller-_Relato-Fotografico_-18-768x756.png 768w, https:\/\/cultura.sma.gob.ar\/wp-content\/uploads\/2020\/12\/Copia-de-Taller-_Relato-Fotografico_-18.png 790w, https:\/\/cultura.sma.gob.ar\/wp-content\/uploads\/2020\/12\/Copia-de-Taller-_Relato-Fotografico_-18-91x90.png 91w\" sizes=\"auto, (max-width: 300px) 100vw, 300px\" \/><\/figure><\/li><\/ul><a class=\"wp-block-jetpack-slideshow_button-prev swiper-button-prev swiper-button-white\" role=\"button\"><\/a><a class=\"wp-block-jetpack-slideshow_button-next swiper-button-next swiper-button-white\" role=\"button\"><\/a><a aria-label=\"Pause Slideshow\" class=\"wp-block-jetpack-slideshow_button-pause\" role=\"button\"><\/a><div class=\"wp-block-jetpack-slideshow_pagination swiper-pagination swiper-pagination-white\"><\/div><\/div><\/div>\n\n\n\n<p>Por razones de p\u00fablico conocimiento, varias de las actividades presenciales organizadas en el marco de la 14\u00b0 Feria Regional del Libro fueron suspendidas y reprogramadas.<\/p>\n\n\n\n<p>Estas son las nuevas fechas, para agendar e <strong>inscribirse en la Secretar\u00eda de Cultura (424804)<\/strong>:<\/p>\n\n\n\n<ul class=\"wp-block-list\"><li><a href=\"http:\/\/cultura.sma.gob.ar\/2020\/11\/06\/rafael-urretabizkaya-14-feria-regional-del-libro\/\" data-type=\"post\" data-id=\"695\">Rafael Urretabizkaya<\/a> presenta \u201cEn la ruina\u201d: viernes 11 de diciembre &#8211; 18hs &#8211; Piccolo<\/li><li>\u201c<a href=\"http:\/\/cultura.sma.gob.ar\/2020\/11\/06\/fuego-libre-14feria-regional-del-libro\/\" data-type=\"post\" data-id=\"698\">Fuego libre\u201d<\/a>: en las voces del juego &#8211; Ana Mugueta y Melisa Galluzzo: viernes 11 de diciembre &#8211; 20hs &#8211; Piccolo<\/li><li>\u201c<a href=\"http:\/\/cultura.sma.gob.ar\/2020\/12\/04\/seamos-editores-14-feria-regional-del-libro\/\" data-type=\"post\" data-id=\"532\">Seamos editores<\/a>\u201d &#8211; Taller narrativo y de edici\u00f3n para ni\u00f1os y ni\u00f1as: s\u00e1bado 12 de diciembre &#8211; 15hs &#8211; Piccolo<\/li><li>\u201c<a href=\"http:\/\/cultura.sma.gob.ar\/2020\/11\/07\/contrato-con-el-frio-y-otras-historias-de-montana-presentacion-del-centro-editor-municipal-14-feria-regional-del-libro\/\" data-type=\"post\" data-id=\"716\">Contrato con el fr\u00edo y otras historias<\/a>\u201d &#8211; Presentaci\u00f3n libro Centro Editor Municipal: s\u00e1bado 12 de diciembre &#8211; 20hs &#8211; Piccolo<\/li><\/ul>\n\n\n\n<p>Todas las actividades son de entrada libre y gratuita, con inscripci\u00f3n previa.<\/p>\n","protected":false},"excerpt":{"rendered":"<p>Nuevas fechas de actividades con reserva previa. <a href=\"https:\/\/cultura.sma.gob.ar\/?p=856\" class=\"more-link\">Continue reading <span class=\"screen-reader-text\">Fechas confirmadas de actividades reprogramadas en el marco de la Feria Regional del Libro<\/span><\/a><\/p>\n","protected":false},"author":1,"featured_media":296,"comment_status":"closed","ping_status":"","sticky":false,"template":"","format":"image","meta":{"footnotes":""},"categories":[3,9],"tags":[],"class_list":["post-856","post","type-post","status-publish","format-image","has-post-thumbnail","hentry","category-eventos-cultura","category-ultimas-noticias","post_format-post-format-image"],"_links":{"self":[{"href":"https:\/\/cultura.sma.gob.ar\/index.php?rest_route=\/wp\/v2\/posts\/856","targetHints":{"allow":["GET"]}}],"collection":[{"href":"https:\/\/cultura.sma.gob.ar\/index.php?rest_route=\/wp\/v2\/posts"}],"about":[{"href":"https:\/\/cultura.sma.gob.ar\/index.php?rest_route=\/wp\/v2\/types\/post"}],"author":[{"embeddable":true,"href":"https:\/\/cultura.sma.gob.ar\/index.php?rest_route=\/wp\/v2\/users\/1"}],"replies":[{"embeddable":true,"href":"https:\/\/cultura.sma.gob.ar\/index.php?rest_route=%2Fwp%2Fv2%2Fcomments&post=856"}],"version-history":[{"count":2,"href":"https:\/\/cultura.sma.gob.ar\/index.php?rest_route=\/wp\/v2\/posts\/856\/revisions"}],"predecessor-version":[{"id":870,"href":"https:\/\/cultura.sma.gob.ar\/index.php?rest_route=\/wp\/v2\/posts\/856\/revisions\/870"}],"wp:featuredmedia":[{"embeddable":true,"href":"https:\/\/cultura.sma.gob.ar\/index.php?rest_route=\/wp\/v2\/media\/296"}],"wp:attachment":[{"href":"https:\/\/cultura.sma.gob.ar\/index.php?rest_route=%2Fwp%2Fv2%2Fmedia&parent=856"}],"wp:term":[{"taxonomy":"category","embeddable":true,"href":"https:\/\/cultura.sma.gob.ar\/index.php?rest_route=%2Fwp%2Fv2%2Fcategories&post=856"},{"taxonomy":"post_tag","embeddable":true,"href":"https:\/\/cultura.sma.gob.ar\/index.php?rest_route=%2Fwp%2Fv2%2Ftags&post=856"}],"curies":[{"name":"wp","href":"https:\/\/api.w.org\/{rel}","templated":true}]}}