{"id":847,"date":"2020-12-04T11:41:32","date_gmt":"2020-12-04T14:41:32","guid":{"rendered":"http:\/\/cultura.sma.gob.ar\/?p=847"},"modified":"2020-12-04T11:41:32","modified_gmt":"2020-12-04T14:41:32","slug":"romanosky-blues-en-los-viernes-culturales-del-cccotesma","status":"publish","type":"post","link":"https:\/\/cultura.sma.gob.ar\/?p=847","title":{"rendered":"Romanosky Blues en los Viernes Culturales del CCCotesma"},"content":{"rendered":"\n<figure class=\"wp-block-image size-large\"><img loading=\"lazy\" decoding=\"async\" width=\"1024\" height=\"1024\" src=\"http:\/\/cultura.sma.gob.ar\/wp-content\/uploads\/2020\/12\/Romanosky-Diciembre-1024x1024.jpeg\" alt=\"\" class=\"wp-image-848\" srcset=\"https:\/\/cultura.sma.gob.ar\/wp-content\/uploads\/2020\/12\/Romanosky-Diciembre-1024x1024.jpeg 1024w, https:\/\/cultura.sma.gob.ar\/wp-content\/uploads\/2020\/12\/Romanosky-Diciembre-300x300.jpeg 300w, https:\/\/cultura.sma.gob.ar\/wp-content\/uploads\/2020\/12\/Romanosky-Diciembre-150x150.jpeg 150w, https:\/\/cultura.sma.gob.ar\/wp-content\/uploads\/2020\/12\/Romanosky-Diciembre-768x768.jpeg 768w, https:\/\/cultura.sma.gob.ar\/wp-content\/uploads\/2020\/12\/Romanosky-Diciembre-90x90.jpeg 90w, https:\/\/cultura.sma.gob.ar\/wp-content\/uploads\/2020\/12\/Romanosky-Diciembre.jpeg 1080w\" sizes=\"auto, (max-width: 1024px) 100vw, 1024px\" \/><\/figure>\n\n\n\n<p>Esta semana, desde ma\u00f1ana, martes 01 de diciembre, hasta el viernes 04, inclusive, disfrutaremos la 1\u00b0 Muestra desarrollada en pandemia de la mano de &#8220;APROXIMACIONES AL CUERPO PROPIO&#8221;, y ya seguimos compartiendo m\u00e1s de la movida cultural que se nos viene:<br>Reprogramado, de baja por el \u00faltimo regreso a Fase 1, el pr\u00f3ximo viernes, 11 de diciembre seguimos compartiendo buena m\u00fasica en el marco del Ciclo \u201cVIERNES CULTURALES\u201d de la mano de Romanosky Blues.<br>Como todas las presentaciones del Ciclo, la misma ser\u00e1 transmitida a trav\u00e9s del Facebook Live de la banda:&nbsp;<a href=\"https:\/\/correo.smandes.gov.ar\/owa\/redir.aspx?C=0b2f55fa0e3a48bb9e944cbc01216da9&amp;URL=https%3a%2f%2fwww.facebook.com%2fRomanoskyblues\" target=\"_blank\" rel=\"noreferrer noopener\">https:\/\/www.facebook.com\/Romanoskyblues<\/a>&nbsp;ser\u00e1 sin p\u00fablico presencial y bajo estricto protocolo sanitario.<\/p>\n\n\n\n<p>\u201cRomanosky Blues\u201d es una banda de Blues y Rock &amp; Roll que nace en la Patagonia Argentina en el a\u00f1o 2017 como un proyecto musical basado en la producci\u00f3n de covers de grandes artistas del Blues. Est\u00e1 conformado por tres m\u00fasicos de distintas partes del pa\u00eds que convergen en San Martin de los Andes, donde nace y se desarrolla la banda.<\/p>\n\n\n\n<p>Ellos son: Erni Zenon en bater\u00eda, Rodrigo Li\u00f1eiro en bajo y Maximiliano Rom\u00e1n en guitarra y voz.<\/p>\n\n\n\n<p>Romanosky se transforma luego de algunos a\u00f1os, incorporando al proyecto su primer disco en estudio, conformado por producciones propias, buscando la fusi\u00f3n del blues con el rock legendario de los 70\u2019s.<\/p>\n\n\n\n<p>Este primer disco fue grabado en Neptunia Records, San Martin de los Andes en el a\u00f1o 2020, y lleva el nombre de \u201cPATAGONIA BLUES\u201d. La producci\u00f3n del \u00e1lbum fue realizada por Erni Zennon, baterista de la banda.<\/p>\n\n\n\n<p>\u00bfEl g\u00e9nero de Romanosky Blues? Podr\u00edamos llamarlo \u201cBlues Patag\u00f3nico\u201d. Siendo su entorno una gran parte de inspiraci\u00f3n a la hora de crear este primer \u00e1lbum con una marcada ra\u00edz bluesera.<\/p>\n","protected":false},"excerpt":{"rendered":"<p>Viernes 11 a las 19.30hs por facebook live <a href=\"https:\/\/cultura.sma.gob.ar\/?p=847\" class=\"more-link\">Continue reading <span class=\"screen-reader-text\">Romanosky Blues en los Viernes Culturales del CCCotesma<\/span><\/a><\/p>\n","protected":false},"author":1,"featured_media":297,"comment_status":"closed","ping_status":"","sticky":false,"template":"","format":"image","meta":{"footnotes":""},"categories":[2],"tags":[],"class_list":["post-847","post","type-post","status-publish","format-image","has-post-thumbnail","hentry","category-ciudad-cultural","post_format-post-format-image"],"_links":{"self":[{"href":"https:\/\/cultura.sma.gob.ar\/index.php?rest_route=\/wp\/v2\/posts\/847","targetHints":{"allow":["GET"]}}],"collection":[{"href":"https:\/\/cultura.sma.gob.ar\/index.php?rest_route=\/wp\/v2\/posts"}],"about":[{"href":"https:\/\/cultura.sma.gob.ar\/index.php?rest_route=\/wp\/v2\/types\/post"}],"author":[{"embeddable":true,"href":"https:\/\/cultura.sma.gob.ar\/index.php?rest_route=\/wp\/v2\/users\/1"}],"replies":[{"embeddable":true,"href":"https:\/\/cultura.sma.gob.ar\/index.php?rest_route=%2Fwp%2Fv2%2Fcomments&post=847"}],"version-history":[{"count":1,"href":"https:\/\/cultura.sma.gob.ar\/index.php?rest_route=\/wp\/v2\/posts\/847\/revisions"}],"predecessor-version":[{"id":849,"href":"https:\/\/cultura.sma.gob.ar\/index.php?rest_route=\/wp\/v2\/posts\/847\/revisions\/849"}],"wp:featuredmedia":[{"embeddable":true,"href":"https:\/\/cultura.sma.gob.ar\/index.php?rest_route=\/wp\/v2\/media\/297"}],"wp:attachment":[{"href":"https:\/\/cultura.sma.gob.ar\/index.php?rest_route=%2Fwp%2Fv2%2Fmedia&parent=847"}],"wp:term":[{"taxonomy":"category","embeddable":true,"href":"https:\/\/cultura.sma.gob.ar\/index.php?rest_route=%2Fwp%2Fv2%2Fcategories&post=847"},{"taxonomy":"post_tag","embeddable":true,"href":"https:\/\/cultura.sma.gob.ar\/index.php?rest_route=%2Fwp%2Fv2%2Ftags&post=847"}],"curies":[{"name":"wp","href":"https:\/\/api.w.org\/{rel}","templated":true}]}}