{"id":844,"date":"2020-12-04T11:37:17","date_gmt":"2020-12-04T14:37:17","guid":{"rendered":"http:\/\/cultura.sma.gob.ar\/?p=844"},"modified":"2020-12-04T11:37:17","modified_gmt":"2020-12-04T14:37:17","slug":"paola-ilabaca-en-el-ciclo-mu-sa","status":"publish","type":"post","link":"https:\/\/cultura.sma.gob.ar\/?p=844","title":{"rendered":"Paola Ilabaca en el Ciclo Mu.Sa"},"content":{"rendered":"\n<figure class=\"wp-block-image size-large\"><img loading=\"lazy\" decoding=\"async\" width=\"990\" height=\"1024\" src=\"http:\/\/cultura.sma.gob.ar\/wp-content\/uploads\/2020\/12\/FLyer-Paola-Ilabaca-990x1024.jpeg\" alt=\"\" class=\"wp-image-845\" srcset=\"https:\/\/cultura.sma.gob.ar\/wp-content\/uploads\/2020\/12\/FLyer-Paola-Ilabaca-990x1024.jpeg 990w, https:\/\/cultura.sma.gob.ar\/wp-content\/uploads\/2020\/12\/FLyer-Paola-Ilabaca-290x300.jpeg 290w, https:\/\/cultura.sma.gob.ar\/wp-content\/uploads\/2020\/12\/FLyer-Paola-Ilabaca-768x795.jpeg 768w, https:\/\/cultura.sma.gob.ar\/wp-content\/uploads\/2020\/12\/FLyer-Paola-Ilabaca-87x90.jpeg 87w, https:\/\/cultura.sma.gob.ar\/wp-content\/uploads\/2020\/12\/FLyer-Paola-Ilabaca.jpeg 1237w\" sizes=\"auto, (max-width: 990px) 100vw, 990px\" \/><\/figure>\n\n\n\n<p>El pr\u00f3ximo mi\u00e9rcoles, 09 de diciembre a las 19hs en el marco del Ciclo&nbsp;<a href=\"https:\/\/correo.smandes.gov.ar\/owa\/redir.aspx?C=0b2f55fa0e3a48bb9e944cbc01216da9&amp;URL=https%3a%2f%2fwww.facebook.com%2fMuSa-Musiques-de-SMA-108453024340023\" target=\"_blank\" rel=\"noreferrer noopener\">\u201cMu.Sa.\u201d<\/a>, se presenta, desde nuestra querida Sala Amankay, la m\u00fasica y cantante&nbsp;<a href=\"https:\/\/correo.smandes.gov.ar\/owa\/redir.aspx?C=0b2f55fa0e3a48bb9e944cbc01216da9&amp;URL=https%3a%2f%2fwww.facebook.com%2fpoli.ilabaca\" target=\"_blank\" rel=\"noreferrer noopener\">Paola Ilabaca<\/a>, acompa\u00f1ada por la pianista&nbsp;<a href=\"https:\/\/correo.smandes.gov.ar\/owa\/redir.aspx?C=0b2f55fa0e3a48bb9e944cbc01216da9&amp;URL=https%3a%2f%2fwww.facebook.com%2fmaria.l.rubio.92\" target=\"_blank\" rel=\"noreferrer noopener\">Laura Rubio<\/a>.<\/p>\n\n\n\n<p>Ambas son m\u00fasicas de la ciudad de San Mart\u00edn de los Andes y para \u00e9sta ocasi\u00f3n han preparado un repertorio de nuestra m\u00fasica folkl\u00f3rica popular que abarca diferentes provincias de nuestro pa\u00eds. Adem\u00e1s, y como estreno, presentar\u00e1n una composici\u00f3n de Paola con letra de la poeta local Mar\u00eda Cristina Venturini y dos composiciones de Emmanuel Rocha m\u00fasico local.<\/p>\n\n\n\n<p>Como todas las presentaciones del Ciclo, la misma ser\u00e1 transmitida a trav\u00e9s de Facebook Live por la fanpage de&nbsp;<a href=\"https:\/\/correo.smandes.gov.ar\/owa\/redir.aspx?C=0b2f55fa0e3a48bb9e944cbc01216da9&amp;URL=https%3a%2f%2fwww.facebook.com%2fMuSa-Musiques-de-SMA-108453024340023\" target=\"_blank\" rel=\"noreferrer noopener\">Mu.Sa.<\/a>, bajo estricto protocolo sanitario y sin p\u00fablico en sala.<\/p>\n","protected":false},"excerpt":{"rendered":"<p>Miercoles 9 de diciembre &#8211; Facebook live <a href=\"https:\/\/cultura.sma.gob.ar\/?p=844\" class=\"more-link\">Continue reading <span class=\"screen-reader-text\">Paola Ilabaca en el Ciclo Mu.Sa<\/span><\/a><\/p>\n","protected":false},"author":1,"featured_media":297,"comment_status":"closed","ping_status":"","sticky":false,"template":"","format":"image","meta":{"footnotes":""},"categories":[2],"tags":[],"class_list":["post-844","post","type-post","status-publish","format-image","has-post-thumbnail","hentry","category-ciudad-cultural","post_format-post-format-image"],"_links":{"self":[{"href":"https:\/\/cultura.sma.gob.ar\/index.php?rest_route=\/wp\/v2\/posts\/844","targetHints":{"allow":["GET"]}}],"collection":[{"href":"https:\/\/cultura.sma.gob.ar\/index.php?rest_route=\/wp\/v2\/posts"}],"about":[{"href":"https:\/\/cultura.sma.gob.ar\/index.php?rest_route=\/wp\/v2\/types\/post"}],"author":[{"embeddable":true,"href":"https:\/\/cultura.sma.gob.ar\/index.php?rest_route=\/wp\/v2\/users\/1"}],"replies":[{"embeddable":true,"href":"https:\/\/cultura.sma.gob.ar\/index.php?rest_route=%2Fwp%2Fv2%2Fcomments&post=844"}],"version-history":[{"count":1,"href":"https:\/\/cultura.sma.gob.ar\/index.php?rest_route=\/wp\/v2\/posts\/844\/revisions"}],"predecessor-version":[{"id":846,"href":"https:\/\/cultura.sma.gob.ar\/index.php?rest_route=\/wp\/v2\/posts\/844\/revisions\/846"}],"wp:featuredmedia":[{"embeddable":true,"href":"https:\/\/cultura.sma.gob.ar\/index.php?rest_route=\/wp\/v2\/media\/297"}],"wp:attachment":[{"href":"https:\/\/cultura.sma.gob.ar\/index.php?rest_route=%2Fwp%2Fv2%2Fmedia&parent=844"}],"wp:term":[{"taxonomy":"category","embeddable":true,"href":"https:\/\/cultura.sma.gob.ar\/index.php?rest_route=%2Fwp%2Fv2%2Fcategories&post=844"},{"taxonomy":"post_tag","embeddable":true,"href":"https:\/\/cultura.sma.gob.ar\/index.php?rest_route=%2Fwp%2Fv2%2Ftags&post=844"}],"curies":[{"name":"wp","href":"https:\/\/api.w.org\/{rel}","templated":true}]}}