{"id":840,"date":"2020-12-01T08:49:28","date_gmt":"2020-12-01T11:49:28","guid":{"rendered":"http:\/\/cultura.sma.gob.ar\/?p=840"},"modified":"2020-12-01T08:49:28","modified_gmt":"2020-12-01T11:49:28","slug":"laboratorio-escenico-3-360-una-propuesta-teatral-diferente","status":"publish","type":"post","link":"https:\/\/cultura.sma.gob.ar\/?p=840","title":{"rendered":"Laboratorio esc\u00e9nico 3-360: una propuesta teatral diferente:"},"content":{"rendered":"\n<figure class=\"wp-block-image size-large\"><img loading=\"lazy\" decoding=\"async\" width=\"1024\" height=\"1024\" src=\"http:\/\/cultura.sma.gob.ar\/wp-content\/uploads\/2020\/12\/IMG-20201124-WA0031-1024x1024.jpg\" alt=\"\" class=\"wp-image-841\" srcset=\"https:\/\/cultura.sma.gob.ar\/wp-content\/uploads\/2020\/12\/IMG-20201124-WA0031-1024x1024.jpg 1024w, https:\/\/cultura.sma.gob.ar\/wp-content\/uploads\/2020\/12\/IMG-20201124-WA0031-300x300.jpg 300w, https:\/\/cultura.sma.gob.ar\/wp-content\/uploads\/2020\/12\/IMG-20201124-WA0031-150x150.jpg 150w, https:\/\/cultura.sma.gob.ar\/wp-content\/uploads\/2020\/12\/IMG-20201124-WA0031-768x768.jpg 768w, https:\/\/cultura.sma.gob.ar\/wp-content\/uploads\/2020\/12\/IMG-20201124-WA0031-90x90.jpg 90w, https:\/\/cultura.sma.gob.ar\/wp-content\/uploads\/2020\/12\/IMG-20201124-WA0031.jpg 1280w\" sizes=\"auto, (max-width: 1024px) 100vw, 1024px\" \/><\/figure>\n\n\n\n<p>En movimiento y en acci\u00f3n, un grupo de artistas intervienen el espacio del Teatro San Jos\u00e9 para mostrar lo realizado en el taller de exploraci\u00f3n e investigaci\u00f3n de Romina Farias y Estefan\u00eda Mateu.<\/p>\n\n\n\n<p>El Teatro San Jos\u00e9 produce y acompa\u00f1a este proceso creativo, en donde se activan los sentidos para reflejar sentimientos subjetivos en un momento diferente.<\/p>\n\n\n\n<p>De acuerdo a los protocolos vigentes en nuestra ciudad, a cada una de estas presentaciones podr\u00e1n asistir un <strong>m\u00e1ximo de diez personas<\/strong>. Quienes quieran presenciar el laboratorio esc\u00e9nico, podr\u00e1n adquirir las <strong>entradas con anticipaci\u00f3n<\/strong> y reservar el turno correspondiente en el Teatro San Jos\u00e9 <strong>a partir del martes 01 de diciembre.<\/strong><\/p>\n\n\n\n<ul class=\"wp-block-list\"><li>Laboratorio esc\u00e9nico 3-360 se presentar\u00e1 los d\u00edas l<strong>unes 7 y 14 de diciembre, a las 19:00, 20:30 y 21:30 hs<\/strong>, con una entrada de $200.<\/li><\/ul>\n\n\n\n<p>Para mayor informaci\u00f3n comunicarse al (02972) 424803. Correo: teatro.sanjose@smandes.gov.ar \u00f3 acercarse al Teatro San Jos\u00e9 de lunes a viernes de 09:00 a 12:30 hs.<\/p>\n","protected":false},"excerpt":{"rendered":"<p>Lunes 7 y 14 de diciembre. Entradas anticipadas a la venta. <a href=\"https:\/\/cultura.sma.gob.ar\/?p=840\" class=\"more-link\">Continue reading <span class=\"screen-reader-text\">Laboratorio esc\u00e9nico 3-360: una propuesta teatral diferente:<\/span><\/a><\/p>\n","protected":false},"author":1,"featured_media":292,"comment_status":"closed","ping_status":"","sticky":false,"template":"","format":"image","meta":{"footnotes":""},"categories":[8,9],"tags":[],"class_list":["post-840","post","type-post","status-publish","format-image","has-post-thumbnail","hentry","category-teatro-san-jose","category-ultimas-noticias","post_format-post-format-image"],"_links":{"self":[{"href":"https:\/\/cultura.sma.gob.ar\/index.php?rest_route=\/wp\/v2\/posts\/840","targetHints":{"allow":["GET"]}}],"collection":[{"href":"https:\/\/cultura.sma.gob.ar\/index.php?rest_route=\/wp\/v2\/posts"}],"about":[{"href":"https:\/\/cultura.sma.gob.ar\/index.php?rest_route=\/wp\/v2\/types\/post"}],"author":[{"embeddable":true,"href":"https:\/\/cultura.sma.gob.ar\/index.php?rest_route=\/wp\/v2\/users\/1"}],"replies":[{"embeddable":true,"href":"https:\/\/cultura.sma.gob.ar\/index.php?rest_route=%2Fwp%2Fv2%2Fcomments&post=840"}],"version-history":[{"count":1,"href":"https:\/\/cultura.sma.gob.ar\/index.php?rest_route=\/wp\/v2\/posts\/840\/revisions"}],"predecessor-version":[{"id":842,"href":"https:\/\/cultura.sma.gob.ar\/index.php?rest_route=\/wp\/v2\/posts\/840\/revisions\/842"}],"wp:featuredmedia":[{"embeddable":true,"href":"https:\/\/cultura.sma.gob.ar\/index.php?rest_route=\/wp\/v2\/media\/292"}],"wp:attachment":[{"href":"https:\/\/cultura.sma.gob.ar\/index.php?rest_route=%2Fwp%2Fv2%2Fmedia&parent=840"}],"wp:term":[{"taxonomy":"category","embeddable":true,"href":"https:\/\/cultura.sma.gob.ar\/index.php?rest_route=%2Fwp%2Fv2%2Fcategories&post=840"},{"taxonomy":"post_tag","embeddable":true,"href":"https:\/\/cultura.sma.gob.ar\/index.php?rest_route=%2Fwp%2Fv2%2Ftags&post=840"}],"curies":[{"name":"wp","href":"https:\/\/api.w.org\/{rel}","templated":true}]}}