{"id":831,"date":"2020-11-27T10:30:04","date_gmt":"2020-11-27T13:30:04","guid":{"rendered":"http:\/\/cultura.sma.gob.ar\/?p=831"},"modified":"2020-11-27T10:30:04","modified_gmt":"2020-11-27T13:30:04","slug":"infancias-en-escena-suenos-con-derechos","status":"publish","type":"post","link":"https:\/\/cultura.sma.gob.ar\/?p=831","title":{"rendered":"Infancias en escena &#8211; Sue\u00f1os con derechos"},"content":{"rendered":"\n<figure class=\"wp-block-image size-large\"><img loading=\"lazy\" decoding=\"async\" width=\"1024\" height=\"1024\" src=\"http:\/\/cultura.sma.gob.ar\/wp-content\/uploads\/2020\/11\/FB_IMG_1606483380046-1024x1024.jpg\" alt=\"\" class=\"wp-image-832\" srcset=\"https:\/\/cultura.sma.gob.ar\/wp-content\/uploads\/2020\/11\/FB_IMG_1606483380046-1024x1024.jpg 1024w, https:\/\/cultura.sma.gob.ar\/wp-content\/uploads\/2020\/11\/FB_IMG_1606483380046-300x300.jpg 300w, https:\/\/cultura.sma.gob.ar\/wp-content\/uploads\/2020\/11\/FB_IMG_1606483380046-150x150.jpg 150w, https:\/\/cultura.sma.gob.ar\/wp-content\/uploads\/2020\/11\/FB_IMG_1606483380046-768x768.jpg 768w, https:\/\/cultura.sma.gob.ar\/wp-content\/uploads\/2020\/11\/FB_IMG_1606483380046-90x90.jpg 90w, https:\/\/cultura.sma.gob.ar\/wp-content\/uploads\/2020\/11\/FB_IMG_1606483380046.jpg 1080w\" sizes=\"auto, (max-width: 1024px) 100vw, 1024px\" \/><\/figure>\n\n\n\n<p>| INFANCIAS EN ESCENA &#8211; SUE\u00d1OS CON DERECHOS|<\/p>\n\n\n\n<p><strong>Desde el martes 1 de diciembre,<\/strong> de lunes\u00a0 a viernes de 16 a 19 hs, en la Sala Lidaura Chapitel.<\/p>\n\n\n\n<p>\u300bAlgunas ni\u00f1as y ni\u00f1os de San Mart\u00edn de los Andes nos cuentan con sus pinturas, canciones, textos e instalaciones, el trabajo realizado en el \u00faltimo tiempo junto con el Consejo de la Comunidad para la Ni\u00f1ez, Adolescencia y Familia (CoCoNAF), el Consejo de Ni\u00f1xs Ciudadanxs, Mesa Pol\u00edtica de Participaci\u00f3n Infantil (MEPPI) y las instituciones que conforman la Subsecretar\u00eda Municipal de Infancias.<\/p>\n\n\n\n<p>\u300bNos comparten sus pareceres, sus opiniones y propuestas para crear una ciudad que aloje sus voces y haga presente y efectivo sus derechos como sujetos con voz propia.<\/p>\n\n\n\n<p>Entrada abierta y gratuita, con un m\u00e1ximo de 10 personas por vez y uso obligatorio de barbijo.<\/p>\n","protected":false},"excerpt":{"rendered":"<p>Desde el 1\u00b0 de diciembre, en la Sala Chapitel <a href=\"https:\/\/cultura.sma.gob.ar\/?p=831\" class=\"more-link\">Continue reading <span class=\"screen-reader-text\">Infancias en escena &#8211; Sue\u00f1os con derechos<\/span><\/a><\/p>\n","protected":false},"author":1,"featured_media":295,"comment_status":"closed","ping_status":"","sticky":false,"template":"","format":"image","meta":{"footnotes":""},"categories":[6],"tags":[],"class_list":["post-831","post","type-post","status-publish","format-image","has-post-thumbnail","hentry","category-sala-lidaura-chapitel","post_format-post-format-image"],"_links":{"self":[{"href":"https:\/\/cultura.sma.gob.ar\/index.php?rest_route=\/wp\/v2\/posts\/831","targetHints":{"allow":["GET"]}}],"collection":[{"href":"https:\/\/cultura.sma.gob.ar\/index.php?rest_route=\/wp\/v2\/posts"}],"about":[{"href":"https:\/\/cultura.sma.gob.ar\/index.php?rest_route=\/wp\/v2\/types\/post"}],"author":[{"embeddable":true,"href":"https:\/\/cultura.sma.gob.ar\/index.php?rest_route=\/wp\/v2\/users\/1"}],"replies":[{"embeddable":true,"href":"https:\/\/cultura.sma.gob.ar\/index.php?rest_route=%2Fwp%2Fv2%2Fcomments&post=831"}],"version-history":[{"count":1,"href":"https:\/\/cultura.sma.gob.ar\/index.php?rest_route=\/wp\/v2\/posts\/831\/revisions"}],"predecessor-version":[{"id":833,"href":"https:\/\/cultura.sma.gob.ar\/index.php?rest_route=\/wp\/v2\/posts\/831\/revisions\/833"}],"wp:featuredmedia":[{"embeddable":true,"href":"https:\/\/cultura.sma.gob.ar\/index.php?rest_route=\/wp\/v2\/media\/295"}],"wp:attachment":[{"href":"https:\/\/cultura.sma.gob.ar\/index.php?rest_route=%2Fwp%2Fv2%2Fmedia&parent=831"}],"wp:term":[{"taxonomy":"category","embeddable":true,"href":"https:\/\/cultura.sma.gob.ar\/index.php?rest_route=%2Fwp%2Fv2%2Fcategories&post=831"},{"taxonomy":"post_tag","embeddable":true,"href":"https:\/\/cultura.sma.gob.ar\/index.php?rest_route=%2Fwp%2Fv2%2Ftags&post=831"}],"curies":[{"name":"wp","href":"https:\/\/api.w.org\/{rel}","templated":true}]}}