{"id":828,"date":"2020-11-27T10:26:28","date_gmt":"2020-11-27T13:26:28","guid":{"rendered":"http:\/\/cultura.sma.gob.ar\/?p=828"},"modified":"2020-11-27T10:26:28","modified_gmt":"2020-11-27T13:26:28","slug":"convocatoria-7-festival-de-circo","status":"publish","type":"post","link":"https:\/\/cultura.sma.gob.ar\/?p=828","title":{"rendered":"CONVOCATORIA &#8211; 7\u00b0 Festival de Circo"},"content":{"rendered":"\n<figure class=\"wp-block-image size-large\"><img loading=\"lazy\" decoding=\"async\" width=\"1024\" height=\"1024\" src=\"http:\/\/cultura.sma.gob.ar\/wp-content\/uploads\/2020\/11\/IMG-20201127-WA0007-1024x1024.jpg\" alt=\"\" class=\"wp-image-829\" srcset=\"https:\/\/cultura.sma.gob.ar\/wp-content\/uploads\/2020\/11\/IMG-20201127-WA0007-1024x1024.jpg 1024w, https:\/\/cultura.sma.gob.ar\/wp-content\/uploads\/2020\/11\/IMG-20201127-WA0007-300x300.jpg 300w, https:\/\/cultura.sma.gob.ar\/wp-content\/uploads\/2020\/11\/IMG-20201127-WA0007-150x150.jpg 150w, https:\/\/cultura.sma.gob.ar\/wp-content\/uploads\/2020\/11\/IMG-20201127-WA0007-768x768.jpg 768w, https:\/\/cultura.sma.gob.ar\/wp-content\/uploads\/2020\/11\/IMG-20201127-WA0007-90x90.jpg 90w, https:\/\/cultura.sma.gob.ar\/wp-content\/uploads\/2020\/11\/IMG-20201127-WA0007.jpg 1242w\" sizes=\"auto, (max-width: 1024px) 100vw, 1024px\" \/><\/figure>\n\n\n\n<p><br>La Secretar\u00eda de Cultura <strong>convoca a artistas de circo<\/strong> a postularse para participar del 7\u00b0 Festival de Circo de San Mart\u00edn de los Andes, que se realizar\u00e1 entre el 15 y el 20 de Diciembre de 2020.<br>Este evento ofrecer\u00e1 funciones circenses con formato variet\u00e9 en diversos barrios de la localidad y bajo el protocolo de arte callejero (RESOL-2020-58-E-NEU-MJG).<br><strong>La convocatoria permanecer\u00e1 abierta\u00a0 desde el viernes 27 de noviembre\u00a0 al mi\u00e9rcoles 2 de diciembre de 2020.<\/strong><br>Para formalizar la propuesta de participaci\u00f3n los interesados deben enviar un mail a\u00a0<a rel=\"noreferrer noopener\" href=\"mailto:eventos.cultura@smandes.gov.ar\" target=\"_blank\">eventos.cultura@smandes.gov.ar<\/a>\u00a0 con la informaci\u00f3n que se solicita a continuaci\u00f3n:\u00a0<br>\u2022Nombre de fantas\u00eda de la compa\u00f1\u00eda o el artista que realiza la postulaci\u00f3n. \u2022Nombre y apellido y DNI de cada uno de los integrantes de la compa\u00f1\u00eda, con sus tel\u00e9fonos de contacto.\u00a0\u00a0\u2022Breve rese\u00f1a de la propuesta esc\u00e9nica (recordar que deber\u00e1 ensamblarse con las propuestas de otros artistas en un formato de variet\u00e9, por lo que se sugiere que sean de corta duraci\u00f3n).\u2022Necesidades t\u00e9cnicas espec\u00edficas para la realizaci\u00f3n del n\u00famero propuesto.<\/p>\n","protected":false},"excerpt":{"rendered":"<p>Del 27 de noviembre al 2 de diciembre. <a href=\"https:\/\/cultura.sma.gob.ar\/?p=828\" class=\"more-link\">Continue reading <span class=\"screen-reader-text\">CONVOCATORIA &#8211; 7\u00b0 Festival de Circo<\/span><\/a><\/p>\n","protected":false},"author":1,"featured_media":296,"comment_status":"closed","ping_status":"","sticky":false,"template":"","format":"image","meta":{"footnotes":""},"categories":[3],"tags":[],"class_list":["post-828","post","type-post","status-publish","format-image","has-post-thumbnail","hentry","category-eventos-cultura","post_format-post-format-image"],"_links":{"self":[{"href":"https:\/\/cultura.sma.gob.ar\/index.php?rest_route=\/wp\/v2\/posts\/828","targetHints":{"allow":["GET"]}}],"collection":[{"href":"https:\/\/cultura.sma.gob.ar\/index.php?rest_route=\/wp\/v2\/posts"}],"about":[{"href":"https:\/\/cultura.sma.gob.ar\/index.php?rest_route=\/wp\/v2\/types\/post"}],"author":[{"embeddable":true,"href":"https:\/\/cultura.sma.gob.ar\/index.php?rest_route=\/wp\/v2\/users\/1"}],"replies":[{"embeddable":true,"href":"https:\/\/cultura.sma.gob.ar\/index.php?rest_route=%2Fwp%2Fv2%2Fcomments&post=828"}],"version-history":[{"count":1,"href":"https:\/\/cultura.sma.gob.ar\/index.php?rest_route=\/wp\/v2\/posts\/828\/revisions"}],"predecessor-version":[{"id":830,"href":"https:\/\/cultura.sma.gob.ar\/index.php?rest_route=\/wp\/v2\/posts\/828\/revisions\/830"}],"wp:featuredmedia":[{"embeddable":true,"href":"https:\/\/cultura.sma.gob.ar\/index.php?rest_route=\/wp\/v2\/media\/296"}],"wp:attachment":[{"href":"https:\/\/cultura.sma.gob.ar\/index.php?rest_route=%2Fwp%2Fv2%2Fmedia&parent=828"}],"wp:term":[{"taxonomy":"category","embeddable":true,"href":"https:\/\/cultura.sma.gob.ar\/index.php?rest_route=%2Fwp%2Fv2%2Fcategories&post=828"},{"taxonomy":"post_tag","embeddable":true,"href":"https:\/\/cultura.sma.gob.ar\/index.php?rest_route=%2Fwp%2Fv2%2Ftags&post=828"}],"curies":[{"name":"wp","href":"https:\/\/api.w.org\/{rel}","templated":true}]}}