{"id":825,"date":"2020-11-27T10:19:50","date_gmt":"2020-11-27T13:19:50","guid":{"rendered":"http:\/\/cultura.sma.gob.ar\/?p=825"},"modified":"2020-11-27T10:19:50","modified_gmt":"2020-11-27T13:19:50","slug":"concierto-de-la-orquesta-sinfonica-academica-de-san-martin-de-los-andes","status":"publish","type":"post","link":"https:\/\/cultura.sma.gob.ar\/?p=825","title":{"rendered":"Concierto de la Orquesta Sinf\u00f3nica Acad\u00e9mica de San Mart\u00edn de los Andes"},"content":{"rendered":"\n<figure class=\"wp-block-image size-large\"><img loading=\"lazy\" decoding=\"async\" width=\"724\" height=\"1024\" src=\"http:\/\/cultura.sma.gob.ar\/wp-content\/uploads\/2020\/11\/diciembre-724x1024.jpg\" alt=\"\" class=\"wp-image-826\" srcset=\"https:\/\/cultura.sma.gob.ar\/wp-content\/uploads\/2020\/11\/diciembre-724x1024.jpg 724w, https:\/\/cultura.sma.gob.ar\/wp-content\/uploads\/2020\/11\/diciembre-212x300.jpg 212w, https:\/\/cultura.sma.gob.ar\/wp-content\/uploads\/2020\/11\/diciembre-768x1086.jpg 768w, https:\/\/cultura.sma.gob.ar\/wp-content\/uploads\/2020\/11\/diciembre-1086x1536.jpg 1086w, https:\/\/cultura.sma.gob.ar\/wp-content\/uploads\/2020\/11\/diciembre-1448x2048.jpg 1448w, https:\/\/cultura.sma.gob.ar\/wp-content\/uploads\/2020\/11\/diciembre-64x90.jpg 64w, https:\/\/cultura.sma.gob.ar\/wp-content\/uploads\/2020\/11\/diciembre-scaled.jpg 1810w\" sizes=\"auto, (max-width: 724px) 100vw, 724px\" \/><\/figure>\n\n\n\n<p>El s\u00e1bado 5 de diciembre, aniversario de la muerte de W. A. Mozart, la Orquesta Sinf\u00f3nica Acad\u00e9mica de la Escuela Superior de M\u00fasica de San Mart\u00edn de los Andes invita a toda la comunidad a compartir el estreno del primer movimiento de la famosa Sinfon\u00eda N. 40, a las 21hs, en su canal de YouTube (<a rel=\"noreferrer noopener\" href=\"https:\/\/correo.smandes.gov.ar\/owa\/redir.aspx?C=a1b3b989536f458b947d07c65430883c&amp;URL=https%3a%2f%2fwww.youtube.com%2fOrquestaSinfonicaAcademicaESMSMA\" target=\"_blank\">https:\/\/www.youtube.com\/OrquestaSinfonicaAcademicaESMSMA<\/a>).<\/p>\n\n\n\n<p><br>Esta obra fue interpretada el 1ero de diciembre de 2018 en el Concierto 5to Aniversario de la Orquesta Sinf\u00f3nica Acad\u00e9mica de la Escuela Superior de M\u00fasica de San Mart\u00edn de los Andes, en la Parroquia San Jos\u00e9.<\/p>\n\n\n\n<p><br>La directora Paloma Nogu\u00e9s y miembros de la orquesta estar\u00e1n chateando en vivo con ustedes desde las 20.30hs en el link del concierto:\u00a0<a rel=\"noreferrer noopener\" href=\"https:\/\/correo.smandes.gov.ar\/owa\/redir.aspx?C=a1b3b989536f458b947d07c65430883c&amp;URL=https%3a%2f%2fyoutu.be%2f1bOrRabFDic\" target=\"_blank\">https:\/\/youtu.be\/1bOrRabFDic<\/a><\/p>\n\n\n\n<p>Facebook Orquesta Sinf\u00f3nica Acad\u00e9mica ESM SMA&nbsp;<a href=\"https:\/\/correo.smandes.gov.ar\/owa\/redir.aspx?C=a1b3b989536f458b947d07c65430883c&amp;URL=https%3a%2f%2fwww.facebook.com%2forquestasinfonicaacademica%2f\" target=\"_blank\" rel=\"noreferrer noopener\">https:\/\/www.facebook.com\/orquestasinfonicaacademica\/<\/a><br>Instagram @orquesta.sinfonica.academica<br><a href=\"https:\/\/correo.smandes.gov.ar\/owa\/redir.aspx?C=a1b3b989536f458b947d07c65430883c&amp;URL=https%3a%2f%2fwww.instagram.com%2forquesta.sinfonica.academica%2f\" target=\"_blank\" rel=\"noreferrer noopener\">https:\/\/www.instagram.com\/orquesta.sinfonica.academica\/<\/a><\/p>\n","protected":false},"excerpt":{"rendered":"<p>S\u00e1bado 5 de diciembre &#8211; 21hs &#8211; YouTube <a href=\"https:\/\/cultura.sma.gob.ar\/?p=825\" class=\"more-link\">Continue reading <span class=\"screen-reader-text\">Concierto de la Orquesta Sinf\u00f3nica Acad\u00e9mica de San Mart\u00edn de los Andes<\/span><\/a><\/p>\n","protected":false},"author":1,"featured_media":297,"comment_status":"closed","ping_status":"","sticky":false,"template":"","format":"image","meta":{"footnotes":""},"categories":[2],"tags":[],"class_list":["post-825","post","type-post","status-publish","format-image","has-post-thumbnail","hentry","category-ciudad-cultural","post_format-post-format-image"],"_links":{"self":[{"href":"https:\/\/cultura.sma.gob.ar\/index.php?rest_route=\/wp\/v2\/posts\/825","targetHints":{"allow":["GET"]}}],"collection":[{"href":"https:\/\/cultura.sma.gob.ar\/index.php?rest_route=\/wp\/v2\/posts"}],"about":[{"href":"https:\/\/cultura.sma.gob.ar\/index.php?rest_route=\/wp\/v2\/types\/post"}],"author":[{"embeddable":true,"href":"https:\/\/cultura.sma.gob.ar\/index.php?rest_route=\/wp\/v2\/users\/1"}],"replies":[{"embeddable":true,"href":"https:\/\/cultura.sma.gob.ar\/index.php?rest_route=%2Fwp%2Fv2%2Fcomments&post=825"}],"version-history":[{"count":1,"href":"https:\/\/cultura.sma.gob.ar\/index.php?rest_route=\/wp\/v2\/posts\/825\/revisions"}],"predecessor-version":[{"id":827,"href":"https:\/\/cultura.sma.gob.ar\/index.php?rest_route=\/wp\/v2\/posts\/825\/revisions\/827"}],"wp:featuredmedia":[{"embeddable":true,"href":"https:\/\/cultura.sma.gob.ar\/index.php?rest_route=\/wp\/v2\/media\/297"}],"wp:attachment":[{"href":"https:\/\/cultura.sma.gob.ar\/index.php?rest_route=%2Fwp%2Fv2%2Fmedia&parent=825"}],"wp:term":[{"taxonomy":"category","embeddable":true,"href":"https:\/\/cultura.sma.gob.ar\/index.php?rest_route=%2Fwp%2Fv2%2Fcategories&post=825"},{"taxonomy":"post_tag","embeddable":true,"href":"https:\/\/cultura.sma.gob.ar\/index.php?rest_route=%2Fwp%2Fv2%2Ftags&post=825"}],"curies":[{"name":"wp","href":"https:\/\/api.w.org\/{rel}","templated":true}]}}