{"id":821,"date":"2020-11-27T10:11:21","date_gmt":"2020-11-27T13:11:21","guid":{"rendered":"http:\/\/cultura.sma.gob.ar\/?p=821"},"modified":"2020-11-27T10:11:21","modified_gmt":"2020-11-27T13:11:21","slug":"aproximaciones-al-cuerpo-propio-muestra-colectiva","status":"publish","type":"post","link":"https:\/\/cultura.sma.gob.ar\/?p=821","title":{"rendered":"Aproximaciones al cuerpo propio &#8211; Muestra colectiva"},"content":{"rendered":"\n<figure class=\"wp-block-image size-large\"><img loading=\"lazy\" decoding=\"async\" width=\"723\" height=\"1024\" src=\"http:\/\/cultura.sma.gob.ar\/wp-content\/uploads\/2020\/11\/Flyer-1-Aproximaciones-723x1024.jpg\" alt=\"\" class=\"wp-image-822\" srcset=\"https:\/\/cultura.sma.gob.ar\/wp-content\/uploads\/2020\/11\/Flyer-1-Aproximaciones-723x1024.jpg 723w, https:\/\/cultura.sma.gob.ar\/wp-content\/uploads\/2020\/11\/Flyer-1-Aproximaciones-212x300.jpg 212w, https:\/\/cultura.sma.gob.ar\/wp-content\/uploads\/2020\/11\/Flyer-1-Aproximaciones-768x1087.jpg 768w, https:\/\/cultura.sma.gob.ar\/wp-content\/uploads\/2020\/11\/Flyer-1-Aproximaciones-64x90.jpg 64w, https:\/\/cultura.sma.gob.ar\/wp-content\/uploads\/2020\/11\/Flyer-1-Aproximaciones.jpg 904w\" sizes=\"auto, (max-width: 723px) 100vw, 723px\" \/><\/figure>\n\n\n\n<p>En diciembre contin\u00faa el Ciclo \u201cVIERNES CULTURALES\u201d que venimos desarrollando desde el Centro Cultural Cotesma junto a artistas de nuestra localidad desde el mes de Septiembre. En esta oportunidad compartiremos la primer Muestra Art\u00edstica desarrollada en pandemia en nuestras instalaciones.<\/p>\n\n\n\n<p>A partir del <strong>martes 1 de diciembre, hasta el viernes 4 de dicho mes<\/strong>, compartiremos la muestra colectiva de cierre de procesos del taller &#8220;Aproximaciones al cuerpo propio&#8221;.<\/p>\n\n\n\n<p>En esta ocasi\u00f3n exponen: <strong>Mariana Taberniso, Monica Na\u00f3n y Efra\u00edn D\u00e1vila.<\/strong><\/p>\n\n\n\n<p>La misma ser\u00e1 en nuestra querida Sala Amankay, de manera presencial, con cupos de 10 personas (M\u00e1ximo) y respetando todos los protocolos sanitarios correspondientes para tu cuidado y el nuestro.<\/p>\n\n\n\n<p>La modalidad de visita es con turnos previos, tanto en los horarios en que se realicen la acciones en vivo como en los que s\u00f3lo se puedan visitar las obras instalativas.<\/p>\n\n\n\n<p>Para reservas comunicarse al 221 6334707 \/ 11 65445780<\/p>\n\n\n\n<p><a href=\"https:\/\/correo.smandes.gov.ar\/owa\/redir.aspx?C=a1b3b989536f458b947d07c65430883c&amp;URL=mailto%3aaproximacionesalcuerpopropio%40gmail.com\">aproximacionesalcuerpopropio@gmail.com<\/a><br>IG @aproximacionesalcuerpopropio<\/p>\n","protected":false},"excerpt":{"rendered":"<p>del martes 1\u00b0 al viernes 4 de diciembre &#8211; Centro Cultural Cotesma <a href=\"https:\/\/cultura.sma.gob.ar\/?p=821\" class=\"more-link\">Continue reading <span class=\"screen-reader-text\">Aproximaciones al cuerpo propio &#8211; Muestra colectiva<\/span><\/a><\/p>\n","protected":false},"author":1,"featured_media":297,"comment_status":"closed","ping_status":"","sticky":false,"template":"","format":"image","meta":{"footnotes":""},"categories":[2],"tags":[],"class_list":["post-821","post","type-post","status-publish","format-image","has-post-thumbnail","hentry","category-ciudad-cultural","post_format-post-format-image"],"_links":{"self":[{"href":"https:\/\/cultura.sma.gob.ar\/index.php?rest_route=\/wp\/v2\/posts\/821","targetHints":{"allow":["GET"]}}],"collection":[{"href":"https:\/\/cultura.sma.gob.ar\/index.php?rest_route=\/wp\/v2\/posts"}],"about":[{"href":"https:\/\/cultura.sma.gob.ar\/index.php?rest_route=\/wp\/v2\/types\/post"}],"author":[{"embeddable":true,"href":"https:\/\/cultura.sma.gob.ar\/index.php?rest_route=\/wp\/v2\/users\/1"}],"replies":[{"embeddable":true,"href":"https:\/\/cultura.sma.gob.ar\/index.php?rest_route=%2Fwp%2Fv2%2Fcomments&post=821"}],"version-history":[{"count":1,"href":"https:\/\/cultura.sma.gob.ar\/index.php?rest_route=\/wp\/v2\/posts\/821\/revisions"}],"predecessor-version":[{"id":824,"href":"https:\/\/cultura.sma.gob.ar\/index.php?rest_route=\/wp\/v2\/posts\/821\/revisions\/824"}],"wp:featuredmedia":[{"embeddable":true,"href":"https:\/\/cultura.sma.gob.ar\/index.php?rest_route=\/wp\/v2\/media\/297"}],"wp:attachment":[{"href":"https:\/\/cultura.sma.gob.ar\/index.php?rest_route=%2Fwp%2Fv2%2Fmedia&parent=821"}],"wp:term":[{"taxonomy":"category","embeddable":true,"href":"https:\/\/cultura.sma.gob.ar\/index.php?rest_route=%2Fwp%2Fv2%2Fcategories&post=821"},{"taxonomy":"post_tag","embeddable":true,"href":"https:\/\/cultura.sma.gob.ar\/index.php?rest_route=%2Fwp%2Fv2%2Ftags&post=821"}],"curies":[{"name":"wp","href":"https:\/\/api.w.org\/{rel}","templated":true}]}}