{"id":817,"date":"2020-11-24T10:31:25","date_gmt":"2020-11-24T13:31:25","guid":{"rendered":"http:\/\/cultura.sma.gob.ar\/?p=817"},"modified":"2020-11-24T10:31:25","modified_gmt":"2020-11-24T13:31:25","slug":"dani-canela-show-a-beneficio-del-hospital","status":"publish","type":"post","link":"https:\/\/cultura.sma.gob.ar\/?p=817","title":{"rendered":"Dani Canela: show a beneficio del Hospital"},"content":{"rendered":"\n<figure class=\"wp-block-image size-large\"><img loading=\"lazy\" decoding=\"async\" width=\"1024\" height=\"703\" src=\"http:\/\/cultura.sma.gob.ar\/wp-content\/uploads\/2020\/11\/Flyer-Dani-Canela-27-11-1024x703.jpg\" alt=\"\" class=\"wp-image-818\" srcset=\"https:\/\/cultura.sma.gob.ar\/wp-content\/uploads\/2020\/11\/Flyer-Dani-Canela-27-11-1024x703.jpg 1024w, https:\/\/cultura.sma.gob.ar\/wp-content\/uploads\/2020\/11\/Flyer-Dani-Canela-27-11-300x206.jpg 300w, https:\/\/cultura.sma.gob.ar\/wp-content\/uploads\/2020\/11\/Flyer-Dani-Canela-27-11-768x527.jpg 768w, https:\/\/cultura.sma.gob.ar\/wp-content\/uploads\/2020\/11\/Flyer-Dani-Canela-27-11-1536x1054.jpg 1536w, https:\/\/cultura.sma.gob.ar\/wp-content\/uploads\/2020\/11\/Flyer-Dani-Canela-27-11-2048x1406.jpg 2048w, https:\/\/cultura.sma.gob.ar\/wp-content\/uploads\/2020\/11\/Flyer-Dani-Canela-27-11-131x90.jpg 131w\" sizes=\"auto, (max-width: 1024px) 100vw, 1024px\" \/><\/figure>\n\n\n\n<p>Este viernes, 27 de noviembre a las 19:30hs, cerrando las transmisiones del mes de noviembre del Ciclo \u201cVIERNES CULTURALES\u201d, tendremos la presentaci\u00f3n de Dani Canela.<br>Dani Canela es una cantautora de nuestra localidad, que realizar\u00e1, como todas las presentaciones del ciclo, su show unipersonal, v\u00eda streaming a trav\u00e9s de su cuenta de Facebook @DaniCanelaMusica, sin p\u00fablico presencial y bajo estricto protocolo sanitario.<br>En esta oportunidad, la artista decidi\u00f3 compartir sus canciones, buscando recaudar fondos para el Hospital Ram\u00f3n Carrillo. Si queres, pod\u00e9s hacerlo al siguiente CBU:&nbsp;0970005510001090930014, Cooperadora del Hospital Ram\u00f3n Carrillo.<br><br>Dani Canela se inici\u00f3 en el mundo de la m\u00fasica desde muy peque\u00f1a. Integr\u00f3 diversas bandas, participando en eventos culturales y festivales. Su proyecto solista se destaca por la sencillez y frescura musical, as\u00ed como por la profundidad de sus letras, que seguramente cautivar\u00e1n muchos corazones. En esta oportunidad, Dani nos deleitar\u00e1 acompa\u00f1ando su voz con guitarra ac\u00fastica y piano, en un repertorio sobre la libertad, la naturaleza, el tiempo y el amor.<\/p>\n\n\n\n<p>Si a\u00fan no la conoc\u00e9s, te invitamos a ver su primer videoclip, \u201cDe Nadie\u201d:<br>https:\/\/www.youtube.com\/watch?v=Kk-tznQL2SU<\/p>\n\n\n\n<p>Tambi\u00e9n la pod\u00e9s seguir en sus Redes Sociales:<br><a href=\"https:\/\/correo.smandes.gov.ar\/owa\/redir.aspx?C=3ba7c4b7eb48498d9f1a6c88d8813162&amp;URL=https%3a%2f%2fwww.instagram.com%2fdanicanelamusica%2f\" target=\"_blank\" rel=\"noreferrer noopener\">https:\/\/www.facebook.com\/DaniCanelaMusica\/<br>https:\/\/www.instagram.com\/danicanelamusica\/<\/a><\/p>\n","protected":false},"excerpt":{"rendered":"<p>Viernes 27 a las 19:30 &#8211; Facebook Live <a href=\"https:\/\/cultura.sma.gob.ar\/?p=817\" class=\"more-link\">Continue reading <span class=\"screen-reader-text\">Dani Canela: show a beneficio del Hospital<\/span><\/a><\/p>\n","protected":false},"author":1,"featured_media":297,"comment_status":"closed","ping_status":"","sticky":false,"template":"","format":"image","meta":{"footnotes":""},"categories":[2],"tags":[],"class_list":["post-817","post","type-post","status-publish","format-image","has-post-thumbnail","hentry","category-ciudad-cultural","post_format-post-format-image"],"_links":{"self":[{"href":"https:\/\/cultura.sma.gob.ar\/index.php?rest_route=\/wp\/v2\/posts\/817","targetHints":{"allow":["GET"]}}],"collection":[{"href":"https:\/\/cultura.sma.gob.ar\/index.php?rest_route=\/wp\/v2\/posts"}],"about":[{"href":"https:\/\/cultura.sma.gob.ar\/index.php?rest_route=\/wp\/v2\/types\/post"}],"author":[{"embeddable":true,"href":"https:\/\/cultura.sma.gob.ar\/index.php?rest_route=\/wp\/v2\/users\/1"}],"replies":[{"embeddable":true,"href":"https:\/\/cultura.sma.gob.ar\/index.php?rest_route=%2Fwp%2Fv2%2Fcomments&post=817"}],"version-history":[{"count":1,"href":"https:\/\/cultura.sma.gob.ar\/index.php?rest_route=\/wp\/v2\/posts\/817\/revisions"}],"predecessor-version":[{"id":819,"href":"https:\/\/cultura.sma.gob.ar\/index.php?rest_route=\/wp\/v2\/posts\/817\/revisions\/819"}],"wp:featuredmedia":[{"embeddable":true,"href":"https:\/\/cultura.sma.gob.ar\/index.php?rest_route=\/wp\/v2\/media\/297"}],"wp:attachment":[{"href":"https:\/\/cultura.sma.gob.ar\/index.php?rest_route=%2Fwp%2Fv2%2Fmedia&parent=817"}],"wp:term":[{"taxonomy":"category","embeddable":true,"href":"https:\/\/cultura.sma.gob.ar\/index.php?rest_route=%2Fwp%2Fv2%2Fcategories&post=817"},{"taxonomy":"post_tag","embeddable":true,"href":"https:\/\/cultura.sma.gob.ar\/index.php?rest_route=%2Fwp%2Fv2%2Ftags&post=817"}],"curies":[{"name":"wp","href":"https:\/\/api.w.org\/{rel}","templated":true}]}}