{"id":814,"date":"2020-11-24T10:16:52","date_gmt":"2020-11-24T13:16:52","guid":{"rendered":"http:\/\/cultura.sma.gob.ar\/?p=814"},"modified":"2020-11-24T10:16:52","modified_gmt":"2020-11-24T13:16:52","slug":"la-bruja-y-el-lobo-alado-ciclo-mu-sa-en-el-cccotesma","status":"publish","type":"post","link":"https:\/\/cultura.sma.gob.ar\/?p=814","title":{"rendered":"La bruja y el lobo alado &#8211; Ciclo Mu.Sa en el CCCotesma"},"content":{"rendered":"\n<figure class=\"wp-block-image size-large\"><img loading=\"lazy\" decoding=\"async\" width=\"724\" height=\"1024\" src=\"http:\/\/cultura.sma.gob.ar\/wp-content\/uploads\/2020\/11\/Mu.Sa_.-Miercoles-25-724x1024.jpeg\" alt=\"\" class=\"wp-image-815\" srcset=\"https:\/\/cultura.sma.gob.ar\/wp-content\/uploads\/2020\/11\/Mu.Sa_.-Miercoles-25-724x1024.jpeg 724w, https:\/\/cultura.sma.gob.ar\/wp-content\/uploads\/2020\/11\/Mu.Sa_.-Miercoles-25-212x300.jpeg 212w, https:\/\/cultura.sma.gob.ar\/wp-content\/uploads\/2020\/11\/Mu.Sa_.-Miercoles-25-768x1087.jpeg 768w, https:\/\/cultura.sma.gob.ar\/wp-content\/uploads\/2020\/11\/Mu.Sa_.-Miercoles-25-64x90.jpeg 64w, https:\/\/cultura.sma.gob.ar\/wp-content\/uploads\/2020\/11\/Mu.Sa_.-Miercoles-25.jpeg 793w\" sizes=\"auto, (max-width: 724px) 100vw, 724px\" \/><\/figure>\n\n\n\n<p>Este mi\u00e9rcoles, 25 de noviembre a las 19:00hs, retomamos las presentaciones streamings del Ciclo Mu.Sa. desde nuestra querida Sala Amankay.<\/p>\n\n\n\n<p>En esta oportunidad llega \u201cLA BRUJA Y EL LOBO ALADO\u201d, un espect\u00e1culo colectivo que re\u00fane m\u00fasicos de Mu.Sa. de diversos estilos para celebrar el d\u00eda de la m\u00fasica.<\/p>\n\n\n\n<p>Quienes se presentan con este variado y hermoso repertorio son: Paola Ilabaca, Mar\u00eda Laura Ollesch, Fabi\u00e1n D\u2019Alessandro, Lucas Lobos y Gustavo Tustanosky.<\/p>\n\n\n\n<p>Como todas las presentaciones anteriores, la transmisi\u00f3n ser\u00e1 v\u00eda streaming, desde la cuenta de Facebook&nbsp;<a href=\"https:\/\/correo.smandes.gov.ar\/owa\/redir.aspx?C=3ba7c4b7eb48498d9f1a6c88d8813162&amp;URL=https%3a%2f%2fwww.facebook.com%2fMuSa-Musiques-de-SMA-108453024340023\" target=\"_blank\" rel=\"noreferrer noopener\">@MU.SA.<\/a>&nbsp;y la de cada artista, sin p\u00fablico presencial y bajo protocolo sanitario.<\/p>\n\n\n\n<p>Adem\u00e1s de disfrutar de los artistas, pod\u00e9s darles una mano a trav\u00e9s de los siguientes links:<br>Gorra virtual $100: &nbsp;&nbsp;&nbsp;&nbsp;&nbsp;&nbsp;&nbsp;&nbsp;&nbsp;<a href=\"https:\/\/correo.smandes.gov.ar\/owa\/redir.aspx?C=3ba7c4b7eb48498d9f1a6c88d8813162&amp;URL=https%3a%2f%2fmpago.la%2f1BmWV6L\" target=\"_blank\" rel=\"noreferrer noopener\">https:\/\/mpago.la\/1BmWV6L<\/a><br>Gorra virtual $200: &nbsp;&nbsp;&nbsp;&nbsp;&nbsp;&nbsp;&nbsp;&nbsp;&nbsp;<a href=\"https:\/\/correo.smandes.gov.ar\/owa\/redir.aspx?C=3ba7c4b7eb48498d9f1a6c88d8813162&amp;URL=https%3a%2f%2fmpago.la%2f2U9vsio\" target=\"_blank\" rel=\"noreferrer noopener\">https:\/\/mpago.la\/2U9vsio<\/a><br>Gorra virtual $500: &nbsp;&nbsp;&nbsp;&nbsp;&nbsp;&nbsp;&nbsp;&nbsp;&nbsp;<a href=\"https:\/\/correo.smandes.gov.ar\/owa\/redir.aspx?C=3ba7c4b7eb48498d9f1a6c88d8813162&amp;URL=https%3a%2f%2fmpago.la%2f28zgqYJ\" target=\"_blank\" rel=\"noreferrer noopener\">https:\/\/mpago.la\/28zgqYJ<\/a><br>CBU: 0110599530000033977947 &#8211; BNA<\/p>\n","protected":false},"excerpt":{"rendered":"<p>Show online &#8211; Mi\u00e9rcoles 25 a las 19hs <a href=\"https:\/\/cultura.sma.gob.ar\/?p=814\" class=\"more-link\">Continue reading <span class=\"screen-reader-text\">La bruja y el lobo alado &#8211; Ciclo Mu.Sa en el CCCotesma<\/span><\/a><\/p>\n","protected":false},"author":1,"featured_media":297,"comment_status":"closed","ping_status":"","sticky":false,"template":"","format":"image","meta":{"footnotes":""},"categories":[2],"tags":[],"class_list":["post-814","post","type-post","status-publish","format-image","has-post-thumbnail","hentry","category-ciudad-cultural","post_format-post-format-image"],"_links":{"self":[{"href":"https:\/\/cultura.sma.gob.ar\/index.php?rest_route=\/wp\/v2\/posts\/814","targetHints":{"allow":["GET"]}}],"collection":[{"href":"https:\/\/cultura.sma.gob.ar\/index.php?rest_route=\/wp\/v2\/posts"}],"about":[{"href":"https:\/\/cultura.sma.gob.ar\/index.php?rest_route=\/wp\/v2\/types\/post"}],"author":[{"embeddable":true,"href":"https:\/\/cultura.sma.gob.ar\/index.php?rest_route=\/wp\/v2\/users\/1"}],"replies":[{"embeddable":true,"href":"https:\/\/cultura.sma.gob.ar\/index.php?rest_route=%2Fwp%2Fv2%2Fcomments&post=814"}],"version-history":[{"count":1,"href":"https:\/\/cultura.sma.gob.ar\/index.php?rest_route=\/wp\/v2\/posts\/814\/revisions"}],"predecessor-version":[{"id":816,"href":"https:\/\/cultura.sma.gob.ar\/index.php?rest_route=\/wp\/v2\/posts\/814\/revisions\/816"}],"wp:featuredmedia":[{"embeddable":true,"href":"https:\/\/cultura.sma.gob.ar\/index.php?rest_route=\/wp\/v2\/media\/297"}],"wp:attachment":[{"href":"https:\/\/cultura.sma.gob.ar\/index.php?rest_route=%2Fwp%2Fv2%2Fmedia&parent=814"}],"wp:term":[{"taxonomy":"category","embeddable":true,"href":"https:\/\/cultura.sma.gob.ar\/index.php?rest_route=%2Fwp%2Fv2%2Fcategories&post=814"},{"taxonomy":"post_tag","embeddable":true,"href":"https:\/\/cultura.sma.gob.ar\/index.php?rest_route=%2Fwp%2Fv2%2Ftags&post=814"}],"curies":[{"name":"wp","href":"https:\/\/api.w.org\/{rel}","templated":true}]}}