{"id":807,"date":"2020-11-14T11:24:54","date_gmt":"2020-11-14T14:24:54","guid":{"rendered":"http:\/\/cultura.sma.gob.ar\/?p=807"},"modified":"2020-11-14T11:24:54","modified_gmt":"2020-11-14T14:24:54","slug":"gerardo-bartolome-14-feria-regional-del-libro","status":"publish","type":"post","link":"https:\/\/cultura.sma.gob.ar\/?p=807","title":{"rendered":"Gerardo Bartolom\u00e9 &#8211; 14\u00b0 Feria Regional del Libro"},"content":{"rendered":"\n<figure class=\"wp-block-image\"><img decoding=\"async\" src=\"https:\/\/patalibro.files.wordpress.com\/2020\/11\/13.png-bartolome-gerardo-ok-1.png?w=1024\" alt=\"\"\/><\/figure>\n\n\n\n<p>Por Ediciones Hist\u00f3ricas y Librer\u00eda Patalibro<\/p>\n\n\n\n<p>S\u00e1bado 14 &#8211; 19:30 hs &#8211; v\u00eda Zoom<\/p>\n\n\n\n<ul class=\"wp-block-list\"><li><strong>Rese\u00f1a<\/strong><\/li><\/ul>\n\n\n\n<p>En 1814 Manuel Belgrano decidi\u00f3 a escribir su autobiograf\u00eda. Intenso y detallado, el relato del pr\u00f3cer es fascinante porque describe desde adentro las motivaciones, los deseos y las preocupaciones de quienes forjaron el nacimiento de nuestro pa\u00eds. Pero Belgrano nunca termin\u00f3 su relato raz\u00f3n por la cual esta publicaci\u00f3 fue complementada con reveladoras cartas y art\u00edculos que explican el contexto hist\u00f3rico de cada uno de los hechos cruciales en aquellos dif\u00edciles a\u00f1os.<\/p>\n\n\n\n<p>A doscientos a\u00f1os de su muerte el pensamiento de Belgrano sigue estando vigente y es importante que llegue a un amplio p\u00fablico.<\/p>\n\n\n\n<p><strong>Gerardo Bartolom\u00e9<\/strong> naci\u00f3 en Buenos Aires, donde se recibi\u00f3 de Ingeniero Civil en la Universidad de Buenos Aires.<\/p>\n\n\n\n<p>Siempre atra\u00eddo por la historia y por la naturaleza, en 2003 lider\u00f3 una expedici\u00f3n por el r\u00edo Santa Cruz siguiendo los pasos de Darwin. Dicho viaje lo llev\u00f3 a escribir la historia del paso del naturalista ingl\u00e9s por la Patagonia. As\u00ed, en 2005, naci\u00f3 su primera novela hist\u00f3rica: La traici\u00f3n de Darwin. Alentado por F\u00e9lix Luna sigui\u00f3 escribiendo sobre la historia de la Argentina.<\/p>\n\n\n\n<p>M\u00e1s recientemente, tambi\u00e9n particip\u00f3 en documentales sobre los personajes hist\u00f3ricos de sus libros.<\/p>\n","protected":false},"excerpt":{"rendered":"<p>Actividad virtual <a href=\"https:\/\/cultura.sma.gob.ar\/?p=807\" class=\"more-link\">Continue reading <span class=\"screen-reader-text\">Gerardo Bartolom\u00e9 &#8211; 14\u00b0 Feria Regional del Libro<\/span><\/a><\/p>\n","protected":false},"author":1,"featured_media":296,"comment_status":"closed","ping_status":"","sticky":false,"template":"","format":"image","meta":{"footnotes":""},"categories":[3,9],"tags":[],"class_list":["post-807","post","type-post","status-publish","format-image","has-post-thumbnail","hentry","category-eventos-cultura","category-ultimas-noticias","post_format-post-format-image"],"_links":{"self":[{"href":"https:\/\/cultura.sma.gob.ar\/index.php?rest_route=\/wp\/v2\/posts\/807","targetHints":{"allow":["GET"]}}],"collection":[{"href":"https:\/\/cultura.sma.gob.ar\/index.php?rest_route=\/wp\/v2\/posts"}],"about":[{"href":"https:\/\/cultura.sma.gob.ar\/index.php?rest_route=\/wp\/v2\/types\/post"}],"author":[{"embeddable":true,"href":"https:\/\/cultura.sma.gob.ar\/index.php?rest_route=\/wp\/v2\/users\/1"}],"replies":[{"embeddable":true,"href":"https:\/\/cultura.sma.gob.ar\/index.php?rest_route=%2Fwp%2Fv2%2Fcomments&post=807"}],"version-history":[{"count":1,"href":"https:\/\/cultura.sma.gob.ar\/index.php?rest_route=\/wp\/v2\/posts\/807\/revisions"}],"predecessor-version":[{"id":808,"href":"https:\/\/cultura.sma.gob.ar\/index.php?rest_route=\/wp\/v2\/posts\/807\/revisions\/808"}],"wp:featuredmedia":[{"embeddable":true,"href":"https:\/\/cultura.sma.gob.ar\/index.php?rest_route=\/wp\/v2\/media\/296"}],"wp:attachment":[{"href":"https:\/\/cultura.sma.gob.ar\/index.php?rest_route=%2Fwp%2Fv2%2Fmedia&parent=807"}],"wp:term":[{"taxonomy":"category","embeddable":true,"href":"https:\/\/cultura.sma.gob.ar\/index.php?rest_route=%2Fwp%2Fv2%2Fcategories&post=807"},{"taxonomy":"post_tag","embeddable":true,"href":"https:\/\/cultura.sma.gob.ar\/index.php?rest_route=%2Fwp%2Fv2%2Ftags&post=807"}],"curies":[{"name":"wp","href":"https:\/\/api.w.org\/{rel}","templated":true}]}}