{"id":805,"date":"2020-11-14T11:19:12","date_gmt":"2020-11-14T14:19:12","guid":{"rendered":"http:\/\/cultura.sma.gob.ar\/?p=805"},"modified":"2020-11-14T11:19:12","modified_gmt":"2020-11-14T14:19:12","slug":"guillermo-abramson-14-feria-regional-del-libro","status":"publish","type":"post","link":"https:\/\/cultura.sma.gob.ar\/?p=805","title":{"rendered":"Guillermo Abramson &#8211; 14\u00b0 Feria Regional del Libro"},"content":{"rendered":"\n<figure class=\"wp-block-image\"><img decoding=\"async\" src=\"https:\/\/patalibro.files.wordpress.com\/2020\/11\/14.png-abramson-guillermo-ok-1.png?w=1024\" alt=\"\"\/><\/figure>\n\n\n\n<p>Por Librer\u00eda Patalibro<\/p>\n\n\n\n<ul class=\"wp-block-list\"><li>S\u00e1bado 14 &#8211; 21hs &#8211; v\u00eda Zoom<\/li><\/ul>\n\n\n\n<p><strong>\u00bfQu\u00e9 vas a hacer el 14 de diciembre?<\/strong><\/p>\n\n\n\n<p>En un juego de luces y sombras, una coincidencia c\u00f3smica nos permite ver desaparecer por completo el disco brillante del Sol, produciendo una breve noche en pleno d\u00eda. No hay ning\u00fan espect\u00e1culo natural que se compare con un eclipse solar total. \u00bfQu\u00e9 es? \u00bfC\u00f3mo se produce? \u00bfPor qu\u00e9 vale la pena viajar a verlo? \u00bfComo hay que observar? Y lo m\u00e1s importante: la diferencia entre un eclipse del 99% y un eclipse total no es 1% \u00a1Es 100%! Vamos a ocuparnos de estas cosas, y a responder todas tus preguntas. No te pierdas el #GranEclipsePatagonico.<\/p>\n\n\n\n<p><strong>En el Cielo las Estrellas<\/strong> nos sugiere detenernos a mirar el cielo con asombro. Se entrecruzan mitos e historias con la ciencia de los astros y las leyes que los rigen. El libro se divide en tres partes: la primera presenta mitos e historias de las constelaciones y las estrellas; la segunda se detiene en nuestro Sistema Solar, sus planetas y sat\u00e9lites, y la tercera cuenta momentos importantes en el desarrollo de la ciencia de la Astronom\u00eda. Numerosas fotos, im\u00e1genes y dibujos enriquecen la lectura. Adem\u00e1s, las ilustraciones de Andr\u00e9s Casciani realzan especialmente el trabajo de Guillermo Abramson. Las abundantes y oportunas referencias a autores y personajes de nuestra cultura, tanto cl\u00e1sicos como modernos, nos permiten entender hasta qu\u00e9 punto es importante conocer y reconocer lo que el cielo quiere decirnos.<\/p>\n\n\n\n<p><strong>Guillermo Abramson<\/strong> es Doctor en F\u00edsica, investigador del CONICET y profesor del Instituto Balseiro. Realiz\u00f3 trabajo postdoctoral en Italia y en Alemania, y actualmente es miembro de la Divisi\u00f3n F\u00edsica Estad\u00edstica e Interdisciplinaria del Centro At\u00f3mico Bariloche. Su labor profesional se centra en el estudio de los Sistemas Complejos, y en particular el modelado matem\u00e1tico de sistemas ecol\u00f3gicos. Ha publicado m\u00e1s de 90 trabajos, dirigido tesis y gestionado proyectos de investigaci\u00f3n. El Dr. Abramson es tambi\u00e9n un entusiasta astr\u00f3nomo y divulgador de la ciencia. Ha publicado Viaje a las Estrellas (Siglo XXI) y En el Cielo las Estrellas (EDIUNC) y escribe semanalmente en su blog En el Cielo las Estrellas (enelcielolas.blogspot.com).<\/p>\n","protected":false},"excerpt":{"rendered":"<p>Actividad virtual <a href=\"https:\/\/cultura.sma.gob.ar\/?p=805\" class=\"more-link\">Continue reading <span class=\"screen-reader-text\">Guillermo Abramson &#8211; 14\u00b0 Feria Regional del Libro<\/span><\/a><\/p>\n","protected":false},"author":1,"featured_media":296,"comment_status":"closed","ping_status":"","sticky":false,"template":"","format":"image","meta":{"footnotes":""},"categories":[3,9],"tags":[],"class_list":["post-805","post","type-post","status-publish","format-image","has-post-thumbnail","hentry","category-eventos-cultura","category-ultimas-noticias","post_format-post-format-image"],"_links":{"self":[{"href":"https:\/\/cultura.sma.gob.ar\/index.php?rest_route=\/wp\/v2\/posts\/805","targetHints":{"allow":["GET"]}}],"collection":[{"href":"https:\/\/cultura.sma.gob.ar\/index.php?rest_route=\/wp\/v2\/posts"}],"about":[{"href":"https:\/\/cultura.sma.gob.ar\/index.php?rest_route=\/wp\/v2\/types\/post"}],"author":[{"embeddable":true,"href":"https:\/\/cultura.sma.gob.ar\/index.php?rest_route=\/wp\/v2\/users\/1"}],"replies":[{"embeddable":true,"href":"https:\/\/cultura.sma.gob.ar\/index.php?rest_route=%2Fwp%2Fv2%2Fcomments&post=805"}],"version-history":[{"count":1,"href":"https:\/\/cultura.sma.gob.ar\/index.php?rest_route=\/wp\/v2\/posts\/805\/revisions"}],"predecessor-version":[{"id":806,"href":"https:\/\/cultura.sma.gob.ar\/index.php?rest_route=\/wp\/v2\/posts\/805\/revisions\/806"}],"wp:featuredmedia":[{"embeddable":true,"href":"https:\/\/cultura.sma.gob.ar\/index.php?rest_route=\/wp\/v2\/media\/296"}],"wp:attachment":[{"href":"https:\/\/cultura.sma.gob.ar\/index.php?rest_route=%2Fwp%2Fv2%2Fmedia&parent=805"}],"wp:term":[{"taxonomy":"category","embeddable":true,"href":"https:\/\/cultura.sma.gob.ar\/index.php?rest_route=%2Fwp%2Fv2%2Fcategories&post=805"},{"taxonomy":"post_tag","embeddable":true,"href":"https:\/\/cultura.sma.gob.ar\/index.php?rest_route=%2Fwp%2Fv2%2Ftags&post=805"}],"curies":[{"name":"wp","href":"https:\/\/api.w.org\/{rel}","templated":true}]}}