{"id":802,"date":"2020-11-14T11:11:22","date_gmt":"2020-11-14T14:11:22","guid":{"rendered":"http:\/\/cultura.sma.gob.ar\/?p=802"},"modified":"2020-11-14T11:11:22","modified_gmt":"2020-11-14T14:11:22","slug":"actuar-antes-de-que-los-hechos-sucedan-14-feria-regional-del-libro","status":"publish","type":"post","link":"https:\/\/cultura.sma.gob.ar\/?p=802","title":{"rendered":"&#8220;Actuar antes de que los hechos sucedan&#8221; &#8211; 14\u00b0 Feria Regional del Libro"},"content":{"rendered":"\n<figure class=\"wp-block-image size-large\"><img loading=\"lazy\" decoding=\"async\" width=\"1024\" height=\"1024\" src=\"http:\/\/cultura.sma.gob.ar\/wp-content\/uploads\/2020\/11\/1-Flyer-formal-Isabel-Totah-1024x1024.png\" alt=\"\" class=\"wp-image-803\" srcset=\"https:\/\/cultura.sma.gob.ar\/wp-content\/uploads\/2020\/11\/1-Flyer-formal-Isabel-Totah-1024x1024.png 1024w, https:\/\/cultura.sma.gob.ar\/wp-content\/uploads\/2020\/11\/1-Flyer-formal-Isabel-Totah-300x300.png 300w, https:\/\/cultura.sma.gob.ar\/wp-content\/uploads\/2020\/11\/1-Flyer-formal-Isabel-Totah-150x150.png 150w, https:\/\/cultura.sma.gob.ar\/wp-content\/uploads\/2020\/11\/1-Flyer-formal-Isabel-Totah-768x768.png 768w, https:\/\/cultura.sma.gob.ar\/wp-content\/uploads\/2020\/11\/1-Flyer-formal-Isabel-Totah-90x90.png 90w, https:\/\/cultura.sma.gob.ar\/wp-content\/uploads\/2020\/11\/1-Flyer-formal-Isabel-Totah.png 1080w\" sizes=\"auto, (max-width: 1024px) 100vw, 1024px\" \/><\/figure>\n\n\n\n<p>Presentaci\u00f3n de los libros de la Lic. Monica Toscano. Prevenci\u00f3n de la violencia escolar desde la infancia hasta la adolescencia. Herramientas de prevenci\u00f3n del M\u00e9todo MONICA TOSCANO PREVENTION IN ACT\u00ae<\/p>\n\n\n\n<ul class=\"wp-block-list\"><li> S\u00e1bado 14 &#8211; 15 hs &#8211; v\u00eda Zoom<\/li><\/ul>\n\n\n\n<p><strong>Organiza<\/strong>: MONICA TOSCANO PREVENTION IN ACT\u00ae y Librer\u00eda Patalibro. Colabora Biblioteca Popular 9 de Julio<\/p>\n\n\n\n<p><strong>Expone<\/strong>: Isabel Totah: Coordinadora general de la instituci\u00f3n MONICA TOSCANO PREVENTION IN ACT<sup>\u00ae<\/sup>, Formadora de los Cursos del M\u00e9todo MONICA TOSCANO PREVENTION IN ACT<sup>\u00ae<\/sup>&nbsp; para la formaci\u00f3n de directores, docentes y padres de Buenos Aires, Rosario, San Martin de los Andes, Barcelona, Madrid, Par\u00eds y D\u00fcsseldorf.<\/p>\n\n\n\n<p><strong>Participa<\/strong>: Marisa Godoy en mesa debate<\/p>\n\n\n\n<p>Es nuestra intenci\u00f3n en este espacio,\u00a0<strong>presentar los libros de la Lic. Monica Toscano\u00a0<\/strong>\u00a0<strong>para<\/strong>\u00a0<strong>crear un espacio de escucha de las preocupaciones de docentes y padres de San Mart\u00edn de los Andes y brindar algunas de las Herramientas de prevenci\u00f3n de la Violencia escolar desde la infancia hasta la adolescencia\u00a0<\/strong>extra\u00eddas de nuestro trabajo de prevenci\u00f3n y de investigaci\u00f3n mediante la aplicaci\u00f3n del M\u00e9todo MONICA TOSCANO PREVENTION IN ACT<sup>\u00ae<\/sup>\u00a0 en Talleres con m\u00e1s de 18.000 ni\u00f1os y adolescentes y en Cursos para docentes, directores y padres, en escuelas de distintos medios socio econ\u00f3micos y socio culturales de: Argentina (Buenos Aires-Rosario-San Mart\u00edn de los Andes),Francia (Par\u00eds) donde est\u00e1 la sede de nuestra Instituci\u00f3n, Espa\u00f1a (Barcelona-Madrid) y Alemania (D\u00fcsseldorf).<\/p>\n","protected":false},"excerpt":{"rendered":"<p>Actividad virtual <a href=\"https:\/\/cultura.sma.gob.ar\/?p=802\" class=\"more-link\">Continue reading <span class=\"screen-reader-text\">&#8220;Actuar antes de que los hechos sucedan&#8221; &#8211; 14\u00b0 Feria Regional del Libro<\/span><\/a><\/p>\n","protected":false},"author":1,"featured_media":296,"comment_status":"closed","ping_status":"","sticky":false,"template":"","format":"image","meta":{"footnotes":""},"categories":[3,9],"tags":[],"class_list":["post-802","post","type-post","status-publish","format-image","has-post-thumbnail","hentry","category-eventos-cultura","category-ultimas-noticias","post_format-post-format-image"],"_links":{"self":[{"href":"https:\/\/cultura.sma.gob.ar\/index.php?rest_route=\/wp\/v2\/posts\/802","targetHints":{"allow":["GET"]}}],"collection":[{"href":"https:\/\/cultura.sma.gob.ar\/index.php?rest_route=\/wp\/v2\/posts"}],"about":[{"href":"https:\/\/cultura.sma.gob.ar\/index.php?rest_route=\/wp\/v2\/types\/post"}],"author":[{"embeddable":true,"href":"https:\/\/cultura.sma.gob.ar\/index.php?rest_route=\/wp\/v2\/users\/1"}],"replies":[{"embeddable":true,"href":"https:\/\/cultura.sma.gob.ar\/index.php?rest_route=%2Fwp%2Fv2%2Fcomments&post=802"}],"version-history":[{"count":1,"href":"https:\/\/cultura.sma.gob.ar\/index.php?rest_route=\/wp\/v2\/posts\/802\/revisions"}],"predecessor-version":[{"id":804,"href":"https:\/\/cultura.sma.gob.ar\/index.php?rest_route=\/wp\/v2\/posts\/802\/revisions\/804"}],"wp:featuredmedia":[{"embeddable":true,"href":"https:\/\/cultura.sma.gob.ar\/index.php?rest_route=\/wp\/v2\/media\/296"}],"wp:attachment":[{"href":"https:\/\/cultura.sma.gob.ar\/index.php?rest_route=%2Fwp%2Fv2%2Fmedia&parent=802"}],"wp:term":[{"taxonomy":"category","embeddable":true,"href":"https:\/\/cultura.sma.gob.ar\/index.php?rest_route=%2Fwp%2Fv2%2Fcategories&post=802"},{"taxonomy":"post_tag","embeddable":true,"href":"https:\/\/cultura.sma.gob.ar\/index.php?rest_route=%2Fwp%2Fv2%2Ftags&post=802"}],"curies":[{"name":"wp","href":"https:\/\/api.w.org\/{rel}","templated":true}]}}