{"id":797,"date":"2020-11-14T11:05:26","date_gmt":"2020-11-14T14:05:26","guid":{"rendered":"http:\/\/cultura.sma.gob.ar\/?p=797"},"modified":"2020-11-14T11:05:26","modified_gmt":"2020-11-14T14:05:26","slug":"trabun-encuentro-de-los-pueblos-37-edicion-conocernos-para-encontrarnos","status":"publish","type":"post","link":"https:\/\/cultura.sma.gob.ar\/?p=797","title":{"rendered":"TRABUN &#8211; Encuentro de los pueblos &#8211; 37\u00b0 Edici\u00f3n &#8211; &#8220;Conocernos para encontrarnos"},"content":{"rendered":"\n<figure class=\"wp-block-image size-large\"><img loading=\"lazy\" decoding=\"async\" width=\"960\" height=\"635\" src=\"http:\/\/cultura.sma.gob.ar\/wp-content\/uploads\/2020\/11\/15317858_584422818413206_6577263295260206767_n.jpg\" alt=\"\" class=\"wp-image-798\" srcset=\"https:\/\/cultura.sma.gob.ar\/wp-content\/uploads\/2020\/11\/15317858_584422818413206_6577263295260206767_n.jpg 960w, https:\/\/cultura.sma.gob.ar\/wp-content\/uploads\/2020\/11\/15317858_584422818413206_6577263295260206767_n-300x198.jpg 300w, https:\/\/cultura.sma.gob.ar\/wp-content\/uploads\/2020\/11\/15317858_584422818413206_6577263295260206767_n-768x508.jpg 768w, https:\/\/cultura.sma.gob.ar\/wp-content\/uploads\/2020\/11\/15317858_584422818413206_6577263295260206767_n-136x90.jpg 136w\" sizes=\"auto, (max-width: 960px) 100vw, 960px\" \/><\/figure>\n\n\n\n<p>San Mart\u00edn de los Andes, Noviembre de 2020 Desde la comisi\u00f3n organizadora del 37\u00ba Trabun, queremos comunicar que este a\u00f1o el encuentro de los pueblos se organizar\u00e1 de acuerdo con las formas de cuidado y prevenci\u00f3n sanitaria.<br>Cuidar a los y las artistas, p\u00fablico, trabajadorxs y colectivos que participan del encuentro es fundamental en este momento.<\/p>\n\n\n\n<p>En esta 37\u00ba edici\u00f3n, diferentes agrupaciones y artistas (m\u00e1s de 200) de la regi\u00f3n expresar\u00e1n su arte y mensaje en formato audiovisual y ser\u00e1n transmitidos durante los d\u00edas 11, 12 y 13 de diciembre.&nbsp; A la par, habr\u00e1 intervenciones en distintas plazas del pueblo, transmisiones radiales, talleres y sorpresas.<\/p>\n\n\n\n<figure class=\"wp-block-image size-large\"><img loading=\"lazy\" decoding=\"async\" width=\"1024\" height=\"678\" src=\"http:\/\/cultura.sma.gob.ar\/wp-content\/uploads\/2020\/11\/received_1163251583702161-1024x678.jpeg\" alt=\"\" class=\"wp-image-799\" srcset=\"https:\/\/cultura.sma.gob.ar\/wp-content\/uploads\/2020\/11\/received_1163251583702161-1024x678.jpeg 1024w, https:\/\/cultura.sma.gob.ar\/wp-content\/uploads\/2020\/11\/received_1163251583702161-300x199.jpeg 300w, https:\/\/cultura.sma.gob.ar\/wp-content\/uploads\/2020\/11\/received_1163251583702161-768x509.jpeg 768w, https:\/\/cultura.sma.gob.ar\/wp-content\/uploads\/2020\/11\/received_1163251583702161-1536x1017.jpeg 1536w, https:\/\/cultura.sma.gob.ar\/wp-content\/uploads\/2020\/11\/received_1163251583702161-136x90.jpeg 136w, https:\/\/cultura.sma.gob.ar\/wp-content\/uploads\/2020\/11\/received_1163251583702161.jpeg 2048w\" sizes=\"auto, (max-width: 1024px) 100vw, 1024px\" \/><\/figure>\n\n\n\n<p>Creemos que el encuentro es parte y potencia de nuestra cultura. El Trabun es, a\u00f1o a a\u00f1o, un espacio donde se expresan las voces de grupos de distintos barrios, de j\u00f3venes y ni\u00f1xs, de las comunidades y de otros pa\u00edses. Trabun es encuentro, solidaridad y respeto entre vecinos y vecinas.<\/p>\n\n\n\n<p>Los espacios de la cultura popular estamos atravesando una grave crisis.\u00a0 Como en otros momentos, la historia y la tradici\u00f3n del Trabun nos dan fuerzas para trabajar y poder brindar la mayor cantidad de propuestas al alcance de todos y todas. Creemos en la potencia de la cultura del encuentro como forma de manifestaci\u00f3n, en hacer desde el pueblo y para el pueblo.<br>Por eso convocamos a artistas, gestores culturales y vecinxs interesados, a que nos contacten para aportar sus ideas y sus manos en la construcci\u00f3n de la 37\u00ba edici\u00f3n del Trabun.<\/p>\n\n\n\n<figure class=\"wp-block-image size-large\"><img loading=\"lazy\" decoding=\"async\" width=\"1024\" height=\"679\" src=\"http:\/\/cultura.sma.gob.ar\/wp-content\/uploads\/2020\/11\/received_1163249040369082-1024x679.jpeg\" alt=\"\" class=\"wp-image-800\" srcset=\"https:\/\/cultura.sma.gob.ar\/wp-content\/uploads\/2020\/11\/received_1163249040369082-1024x679.jpeg 1024w, https:\/\/cultura.sma.gob.ar\/wp-content\/uploads\/2020\/11\/received_1163249040369082-300x199.jpeg 300w, https:\/\/cultura.sma.gob.ar\/wp-content\/uploads\/2020\/11\/received_1163249040369082-768x509.jpeg 768w, https:\/\/cultura.sma.gob.ar\/wp-content\/uploads\/2020\/11\/received_1163249040369082-1536x1018.jpeg 1536w, https:\/\/cultura.sma.gob.ar\/wp-content\/uploads\/2020\/11\/received_1163249040369082-136x90.jpeg 136w, https:\/\/cultura.sma.gob.ar\/wp-content\/uploads\/2020\/11\/received_1163249040369082.jpeg 2048w\" sizes=\"auto, (max-width: 1024px) 100vw, 1024px\" \/><\/figure>\n\n\n\n<p><br>Contactos de prensa comisi\u00f3n organizadora:<br>Betiana: Tel: (2972) 410-538 (fijo)<br>Ezequiel: Cel: (2972) 430312<br>Tom\u00e1s: Cel: (11) 40768369<\/p>\n","protected":false},"excerpt":{"rendered":"<p>Comunicado de la comisi\u00f3n organizadora. <a href=\"https:\/\/cultura.sma.gob.ar\/?p=797\" class=\"more-link\">Continue reading <span class=\"screen-reader-text\">TRABUN &#8211; Encuentro de los pueblos &#8211; 37\u00b0 Edici\u00f3n &#8211; &#8220;Conocernos para encontrarnos<\/span><\/a><\/p>\n","protected":false},"author":1,"featured_media":297,"comment_status":"closed","ping_status":"","sticky":false,"template":"","format":"image","meta":{"footnotes":""},"categories":[2,9],"tags":[],"class_list":["post-797","post","type-post","status-publish","format-image","has-post-thumbnail","hentry","category-ciudad-cultural","category-ultimas-noticias","post_format-post-format-image"],"_links":{"self":[{"href":"https:\/\/cultura.sma.gob.ar\/index.php?rest_route=\/wp\/v2\/posts\/797","targetHints":{"allow":["GET"]}}],"collection":[{"href":"https:\/\/cultura.sma.gob.ar\/index.php?rest_route=\/wp\/v2\/posts"}],"about":[{"href":"https:\/\/cultura.sma.gob.ar\/index.php?rest_route=\/wp\/v2\/types\/post"}],"author":[{"embeddable":true,"href":"https:\/\/cultura.sma.gob.ar\/index.php?rest_route=\/wp\/v2\/users\/1"}],"replies":[{"embeddable":true,"href":"https:\/\/cultura.sma.gob.ar\/index.php?rest_route=%2Fwp%2Fv2%2Fcomments&post=797"}],"version-history":[{"count":1,"href":"https:\/\/cultura.sma.gob.ar\/index.php?rest_route=\/wp\/v2\/posts\/797\/revisions"}],"predecessor-version":[{"id":801,"href":"https:\/\/cultura.sma.gob.ar\/index.php?rest_route=\/wp\/v2\/posts\/797\/revisions\/801"}],"wp:featuredmedia":[{"embeddable":true,"href":"https:\/\/cultura.sma.gob.ar\/index.php?rest_route=\/wp\/v2\/media\/297"}],"wp:attachment":[{"href":"https:\/\/cultura.sma.gob.ar\/index.php?rest_route=%2Fwp%2Fv2%2Fmedia&parent=797"}],"wp:term":[{"taxonomy":"category","embeddable":true,"href":"https:\/\/cultura.sma.gob.ar\/index.php?rest_route=%2Fwp%2Fv2%2Fcategories&post=797"},{"taxonomy":"post_tag","embeddable":true,"href":"https:\/\/cultura.sma.gob.ar\/index.php?rest_route=%2Fwp%2Fv2%2Ftags&post=797"}],"curies":[{"name":"wp","href":"https:\/\/api.w.org\/{rel}","templated":true}]}}