{"id":786,"date":"2020-11-13T10:22:24","date_gmt":"2020-11-13T13:22:24","guid":{"rendered":"http:\/\/cultura.sma.gob.ar\/?p=786"},"modified":"2020-11-13T10:22:24","modified_gmt":"2020-11-13T13:22:24","slug":"marcela-ferreyra-14-feria-regional-del-libro","status":"publish","type":"post","link":"https:\/\/cultura.sma.gob.ar\/?p=786","title":{"rendered":"Marcela Ferreyra &#8211; 14\u00b0 Feria Regional del Libro"},"content":{"rendered":"\n<figure class=\"wp-block-image size-large\"><img loading=\"lazy\" decoding=\"async\" width=\"1024\" height=\"1024\" src=\"http:\/\/cultura.sma.gob.ar\/wp-content\/uploads\/2020\/11\/9-1024x1024.png\" alt=\"\" class=\"wp-image-787\" srcset=\"https:\/\/cultura.sma.gob.ar\/wp-content\/uploads\/2020\/11\/9-1024x1024.png 1024w, https:\/\/cultura.sma.gob.ar\/wp-content\/uploads\/2020\/11\/9-300x300.png 300w, https:\/\/cultura.sma.gob.ar\/wp-content\/uploads\/2020\/11\/9-150x150.png 150w, https:\/\/cultura.sma.gob.ar\/wp-content\/uploads\/2020\/11\/9-768x768.png 768w, https:\/\/cultura.sma.gob.ar\/wp-content\/uploads\/2020\/11\/9-90x90.png 90w, https:\/\/cultura.sma.gob.ar\/wp-content\/uploads\/2020\/11\/9.png 1080w\" sizes=\"auto, (max-width: 1024px) 100vw, 1024px\" \/><\/figure>\n\n\n\n<p>Por Editorial Artemisa y Libreria Patalibro<\/p>\n\n\n\n<p>Viernes 13 &#8211; 17:15 hs &#8211; v\u00eda Zoom<\/p>\n\n\n\n<p>Se presentar\u00e1n los libros de flora de la Patagonia de la colecci\u00f3n de editorial Artemisa . La colecci\u00f3n (Artemisa Bio) presenta un paseo biol\u00f3gico por la Patagonia Argentina a trav\u00e9s de una serie de Gu\u00edas de Identificaci\u00f3n, desarrolladas por reconocidos profesionales en distintas especialidades. El recorrido incluye el estudio y reconocimiento de flores de alta monta\u00f1a, de la estepa, de los bosques andino-patag\u00f3nicos y de Puerto Blest \u2013 Selva Valdiviana; as\u00ed como l\u00edquenes de los bosques y hongos de la regi\u00f3n. Completa la colecci\u00f3n una gu\u00eda de aves de la zona andina y alrededores.&nbsp;<\/p>\n\n\n\n<p>A\u00fan sin editar se encuentran en etapa de producci\u00f3n contenidos dedicados a las flores del monte y a los frutos carnosos, con el \u00e1nimo de seguir profundizando en los aspectos relacionados con las inmensas riquezas naturales de la Patagonia.<\/p>\n\n\n\n<p><strong>Marcela Ferreyra&nbsp;<\/strong>es bi\u00f3loga, docente y gu\u00eda de turismo bot\u00e1nico. Sus trabajos han estado siempre ligados a la flora de Patagonia y la educaci\u00f3n ambiental.&nbsp;<\/p>\n\n\n\n<p>Fue profesora de Sistem\u00e1tica de Plantas Vasculares en la UNRN en Bariloche; de Flora de la Patagonia en las carreras de Gu\u00edas de Turismo y Gu\u00edas de Monta\u00f1a; y de la Ense\u00f1anza de las Cs Naturales&nbsp; en el Instituto de Formaci\u00f3n Docente Continua de Bariloche,&nbsp; entre otras Instituciones. Hoy est\u00e1 retirada de la educaci\u00f3n formal.<\/p>\n\n\n\n<p>Desde hace casi 20 a\u00f1os trabaja de gu\u00eda bot\u00e1nica para grupos de extranjeros que recorren la Patagonia para fotografiar su flora.<\/p>\n\n\n\n<p>Dict\u00f3 numerosas capacitaciones&nbsp; sobre Flora en la Patagonia en Bariloche y en otros puntos de la Patagonia, actividad que sigue realizando.&nbsp;<\/p>\n\n\n\n<p>Realiz\u00f3 relevamientos flor\u00edsticos para la Administraci\u00f3n de Parques Nacionales y para \u00e1reas protegidas provinciales.&nbsp;<\/p>\n\n\n\n<p>Public\u00f3 trabajos cient\u00edficos y de divulgaci\u00f3n sobre flora de alta monta\u00f1a y es autora de varias gu\u00edas de campo para identificar la Flora de distintos ambientes en la Patagonia.&nbsp; Actualmente&nbsp; Coordina la colecci\u00f3n Artemisa-Bio.<\/p>\n","protected":false},"excerpt":{"rendered":"<p>Actividad virtual <a href=\"https:\/\/cultura.sma.gob.ar\/?p=786\" class=\"more-link\">Continue reading <span class=\"screen-reader-text\">Marcela Ferreyra &#8211; 14\u00b0 Feria Regional del Libro<\/span><\/a><\/p>\n","protected":false},"author":1,"featured_media":296,"comment_status":"closed","ping_status":"","sticky":false,"template":"","format":"image","meta":{"footnotes":""},"categories":[3],"tags":[],"class_list":["post-786","post","type-post","status-publish","format-image","has-post-thumbnail","hentry","category-eventos-cultura","post_format-post-format-image"],"_links":{"self":[{"href":"https:\/\/cultura.sma.gob.ar\/index.php?rest_route=\/wp\/v2\/posts\/786","targetHints":{"allow":["GET"]}}],"collection":[{"href":"https:\/\/cultura.sma.gob.ar\/index.php?rest_route=\/wp\/v2\/posts"}],"about":[{"href":"https:\/\/cultura.sma.gob.ar\/index.php?rest_route=\/wp\/v2\/types\/post"}],"author":[{"embeddable":true,"href":"https:\/\/cultura.sma.gob.ar\/index.php?rest_route=\/wp\/v2\/users\/1"}],"replies":[{"embeddable":true,"href":"https:\/\/cultura.sma.gob.ar\/index.php?rest_route=%2Fwp%2Fv2%2Fcomments&post=786"}],"version-history":[{"count":1,"href":"https:\/\/cultura.sma.gob.ar\/index.php?rest_route=\/wp\/v2\/posts\/786\/revisions"}],"predecessor-version":[{"id":788,"href":"https:\/\/cultura.sma.gob.ar\/index.php?rest_route=\/wp\/v2\/posts\/786\/revisions\/788"}],"wp:featuredmedia":[{"embeddable":true,"href":"https:\/\/cultura.sma.gob.ar\/index.php?rest_route=\/wp\/v2\/media\/296"}],"wp:attachment":[{"href":"https:\/\/cultura.sma.gob.ar\/index.php?rest_route=%2Fwp%2Fv2%2Fmedia&parent=786"}],"wp:term":[{"taxonomy":"category","embeddable":true,"href":"https:\/\/cultura.sma.gob.ar\/index.php?rest_route=%2Fwp%2Fv2%2Fcategories&post=786"},{"taxonomy":"post_tag","embeddable":true,"href":"https:\/\/cultura.sma.gob.ar\/index.php?rest_route=%2Fwp%2Fv2%2Ftags&post=786"}],"curies":[{"name":"wp","href":"https:\/\/api.w.org\/{rel}","templated":true}]}}