{"id":773,"date":"2020-11-12T09:40:53","date_gmt":"2020-11-12T12:40:53","guid":{"rendered":"http:\/\/cultura.sma.gob.ar\/?p=773"},"modified":"2020-11-12T09:40:53","modified_gmt":"2020-11-12T12:40:53","slug":"fernando-de-vedia-14-feria-regional-del-libro","status":"publish","type":"post","link":"https:\/\/cultura.sma.gob.ar\/?p=773","title":{"rendered":"Fernando De Vedia &#8211; 14\u00b0 Feria Regional del Libro"},"content":{"rendered":"\n<figure class=\"wp-block-image size-large\"><img loading=\"lazy\" decoding=\"async\" width=\"1024\" height=\"1024\" src=\"http:\/\/cultura.sma.gob.ar\/wp-content\/uploads\/2020\/11\/7.png-De-Vedia-Fernando-jueves-OK--1024x1024.png\" alt=\"\" class=\"wp-image-774\" srcset=\"https:\/\/cultura.sma.gob.ar\/wp-content\/uploads\/2020\/11\/7.png-De-Vedia-Fernando-jueves-OK--1024x1024.png 1024w, https:\/\/cultura.sma.gob.ar\/wp-content\/uploads\/2020\/11\/7.png-De-Vedia-Fernando-jueves-OK--300x300.png 300w, https:\/\/cultura.sma.gob.ar\/wp-content\/uploads\/2020\/11\/7.png-De-Vedia-Fernando-jueves-OK--150x150.png 150w, https:\/\/cultura.sma.gob.ar\/wp-content\/uploads\/2020\/11\/7.png-De-Vedia-Fernando-jueves-OK--768x768.png 768w, https:\/\/cultura.sma.gob.ar\/wp-content\/uploads\/2020\/11\/7.png-De-Vedia-Fernando-jueves-OK--90x90.png 90w, https:\/\/cultura.sma.gob.ar\/wp-content\/uploads\/2020\/11\/7.png-De-Vedia-Fernando-jueves-OK-.png 1080w\" sizes=\"auto, (max-width: 1024px) 100vw, 1024px\" \/><\/figure>\n\n\n\n<p>Por <strong>Penguin Random House y Librer\u00eda Patalibro<\/strong><\/p>\n\n\n\n<p>Fernando de Vedia nos leer\u00e1 un cuento de Paco del Tomate, el famoso inventor de cosas in\u00fatiles, y despu\u00e9s haremos nuestros propios inventos.<\/p>\n\n\n\n<ul class=\"wp-block-list\"><li>Jueves 12 &#8211; 15hs  \/\/ Domingo 15- 16:30 &#8211; v\u00eda Zoom<\/li><\/ul>\n\n\n\n<p>Dice Fernando: \u201cDescubr\u00ed que escribir para chicos era un camino para recuperar el optimismo, el juego, la ternura y ciertos valores que cada tanto se olvidan\u2026 Me sumerjo cada d\u00eda en los mundos de fantas\u00eda de la literatura infantil con la secreta ilusi\u00f3n de ayudar a los chicos a hacerles la vida un poco m\u00e1s linda\u201d.<\/p>\n\n\n\n<figure class=\"wp-block-image size-large\"><img loading=\"lazy\" decoding=\"async\" width=\"1024\" height=\"1024\" src=\"http:\/\/cultura.sma.gob.ar\/wp-content\/uploads\/2020\/11\/15.png-De-Vedia-Fernando-domingo-cambiar-ID-por-886-7427-6298-1024x1024.png\" alt=\"\" class=\"wp-image-777\" srcset=\"https:\/\/cultura.sma.gob.ar\/wp-content\/uploads\/2020\/11\/15.png-De-Vedia-Fernando-domingo-cambiar-ID-por-886-7427-6298-1024x1024.png 1024w, https:\/\/cultura.sma.gob.ar\/wp-content\/uploads\/2020\/11\/15.png-De-Vedia-Fernando-domingo-cambiar-ID-por-886-7427-6298-300x300.png 300w, https:\/\/cultura.sma.gob.ar\/wp-content\/uploads\/2020\/11\/15.png-De-Vedia-Fernando-domingo-cambiar-ID-por-886-7427-6298-150x150.png 150w, https:\/\/cultura.sma.gob.ar\/wp-content\/uploads\/2020\/11\/15.png-De-Vedia-Fernando-domingo-cambiar-ID-por-886-7427-6298-768x768.png 768w, https:\/\/cultura.sma.gob.ar\/wp-content\/uploads\/2020\/11\/15.png-De-Vedia-Fernando-domingo-cambiar-ID-por-886-7427-6298-90x90.png 90w, https:\/\/cultura.sma.gob.ar\/wp-content\/uploads\/2020\/11\/15.png-De-Vedia-Fernando-domingo-cambiar-ID-por-886-7427-6298.png 1080w\" sizes=\"auto, (max-width: 1024px) 100vw, 1024px\" \/><\/figure>\n\n\n\n<p>Nac\u00ed en 1961, el mismo a\u00f1o en que los Beatles debutaban en The Cavern. Quiz\u00e1s por eso muchos cr\u00edticos insisten en comparar mi energ\u00eda creativa con la de John Lennon, lo cual me halaga. Lamentablemente, la comparaci\u00f3n se refiere a la etapa de Lennon posterior a su muerte.<\/p>\n\n\n\n<p>Desde muy peque\u00f1o quise ser mago y unirme a un gran circo para recorrer el mundo, intenci\u00f3n que fue apoyada por mi madre en todo momento: \u201cme parece muy bien que quieras ser abogado\u201d, me dijo.<\/p>\n\n\n\n<p>Olvid\u00e9 el circo pero segu\u00ed practicando mis trucos y ofreciendo shows para la familia. Al ver la reacci\u00f3n que mi arte despertaba en t\u00edos, primos y abuelos, no dud\u00e9 un instante y, ya de adolescente, decid\u00ed probar con el dibujo.<\/p>\n\n\n\n<p>Desde peque\u00f1o me gustaba dibujar y admiraba a quienes hac\u00edan humor gr\u00e1fico. Un par de consagrados, luego de analizar mis trabajos, me aseguraron que estaba preparado para publicar en los diarios, mi mayor anhelo, pero en la p\u00e1gina de avisos f\u00fanebres.<\/p>\n\n\n\n<p>No obstante, llegu\u00e9 a trabajar en muchas revistas de actualidad, y me convenc\u00ed a m\u00ed mismo de que podr\u00eda vivir del humor, especialmente al o\u00edr las carcajadas de mi padre cuando se lo dije.<\/p>\n\n\n\n<p>Mientras continuaba con mi magia y mis dibujos, comenc\u00e9 a estudiar publicidad, que hoy es habitual, pero en mis \u00e9pocas era tan extra\u00f1o como no estudiar abogac\u00eda. Ya convertido en publicitario, mientras recorria las p\u00e1ginas del diario para ver c\u00f3mo hab\u00eda salido el aviso de mi empresa, comprend\u00ed que las noticias que no ten\u00edan que ver con la inflaci\u00f3n, la guerra, los esc\u00e1ndalos o los desastres naturales no eran noticias. Y creci\u00f3 en m\u00ed la necesidad de oponer una mirada m\u00e1s inocente a ese mundo que parec\u00eda no tener futuro, pero no se me ocurr\u00eda c\u00f3mo hacerlo.<\/p>\n\n\n\n<p>Hasta que nacieron mi hijos y descubr\u00ed que escribir para chicos era un camino para recuperar el optimismo, el juego, la ternura y ciertos valores que cada tanto se olvidan, y una manera de dejarle a Clara y a Joaqu\u00edn algo m\u00e1s que un aviso de celulares premiado en Cannes. Gracias a ellos y al apoyo de mi mujer, hoy tengo varios libros publicados, y otros tantos por venir, abandon\u00e9 mi trabajo publicitario y me sumerjo cada d\u00eda en los&nbsp;mundos de fantas\u00eda de la literatura infantil con la secreta ilusi\u00f3n de ayudar a los chicos a hacerles la vida un poco m\u00e1s linda.<\/p>\n","protected":false},"excerpt":{"rendered":"<p>Actividades virtuales <a href=\"https:\/\/cultura.sma.gob.ar\/?p=773\" class=\"more-link\">Continue reading <span class=\"screen-reader-text\">Fernando De Vedia &#8211; 14\u00b0 Feria Regional del Libro<\/span><\/a><\/p>\n","protected":false},"author":1,"featured_media":296,"comment_status":"closed","ping_status":"","sticky":false,"template":"","format":"image","meta":{"footnotes":""},"categories":[3,9],"tags":[],"class_list":["post-773","post","type-post","status-publish","format-image","has-post-thumbnail","hentry","category-eventos-cultura","category-ultimas-noticias","post_format-post-format-image"],"_links":{"self":[{"href":"https:\/\/cultura.sma.gob.ar\/index.php?rest_route=\/wp\/v2\/posts\/773","targetHints":{"allow":["GET"]}}],"collection":[{"href":"https:\/\/cultura.sma.gob.ar\/index.php?rest_route=\/wp\/v2\/posts"}],"about":[{"href":"https:\/\/cultura.sma.gob.ar\/index.php?rest_route=\/wp\/v2\/types\/post"}],"author":[{"embeddable":true,"href":"https:\/\/cultura.sma.gob.ar\/index.php?rest_route=\/wp\/v2\/users\/1"}],"replies":[{"embeddable":true,"href":"https:\/\/cultura.sma.gob.ar\/index.php?rest_route=%2Fwp%2Fv2%2Fcomments&post=773"}],"version-history":[{"count":1,"href":"https:\/\/cultura.sma.gob.ar\/index.php?rest_route=\/wp\/v2\/posts\/773\/revisions"}],"predecessor-version":[{"id":778,"href":"https:\/\/cultura.sma.gob.ar\/index.php?rest_route=\/wp\/v2\/posts\/773\/revisions\/778"}],"wp:featuredmedia":[{"embeddable":true,"href":"https:\/\/cultura.sma.gob.ar\/index.php?rest_route=\/wp\/v2\/media\/296"}],"wp:attachment":[{"href":"https:\/\/cultura.sma.gob.ar\/index.php?rest_route=%2Fwp%2Fv2%2Fmedia&parent=773"}],"wp:term":[{"taxonomy":"category","embeddable":true,"href":"https:\/\/cultura.sma.gob.ar\/index.php?rest_route=%2Fwp%2Fv2%2Fcategories&post=773"},{"taxonomy":"post_tag","embeddable":true,"href":"https:\/\/cultura.sma.gob.ar\/index.php?rest_route=%2Fwp%2Fv2%2Ftags&post=773"}],"curies":[{"name":"wp","href":"https:\/\/api.w.org\/{rel}","templated":true}]}}