{"id":765,"date":"2020-11-11T10:31:32","date_gmt":"2020-11-11T13:31:32","guid":{"rendered":"http:\/\/cultura.sma.gob.ar\/?p=765"},"modified":"2020-11-11T10:31:32","modified_gmt":"2020-11-11T13:31:32","slug":"maria-laura-ollesch-canciones-con-gusto-a-mate-compartido","status":"publish","type":"post","link":"https:\/\/cultura.sma.gob.ar\/?p=765","title":{"rendered":"Mar\u00eda Laura Ollesch &#8211; Canciones con gusto a mate compartido"},"content":{"rendered":"\n<figure class=\"wp-block-image size-large\"><img loading=\"lazy\" decoding=\"async\" width=\"759\" height=\"1000\" src=\"http:\/\/cultura.sma.gob.ar\/wp-content\/uploads\/2020\/11\/Maria-LAura-Ollesch-16-11-Ciclo-Mu.Sa_.-1.jpg\" alt=\"\" class=\"wp-image-766\" srcset=\"https:\/\/cultura.sma.gob.ar\/wp-content\/uploads\/2020\/11\/Maria-LAura-Ollesch-16-11-Ciclo-Mu.Sa_.-1.jpg 759w, https:\/\/cultura.sma.gob.ar\/wp-content\/uploads\/2020\/11\/Maria-LAura-Ollesch-16-11-Ciclo-Mu.Sa_.-1-228x300.jpg 228w, https:\/\/cultura.sma.gob.ar\/wp-content\/uploads\/2020\/11\/Maria-LAura-Ollesch-16-11-Ciclo-Mu.Sa_.-1-68x90.jpg 68w\" sizes=\"auto, (max-width: 759px) 100vw, 759px\" \/><\/figure>\n\n\n\n<p>El pr\u00f3ximo lunes, 16 de noviembre a las 19:30hs contin\u00faan las presentaciones desde la Sala Amankay en el marco del Ciclo \u201c<a href=\"https:\/\/correo.smandes.gov.ar\/owa\/redir.aspx?C=da37ef3227ad44acb567aca58f9cc260&amp;URL=https%3a%2f%2fwww.facebook.com%2fMuSa-Musiques-de-SMA-108453024340023\" target=\"_blank\" rel=\"noreferrer noopener\">Mu.Sa.<\/a>\u201d. En esta oportunidad,&nbsp;<a href=\"https:\/\/correo.smandes.gov.ar\/owa\/redir.aspx?C=da37ef3227ad44acb567aca58f9cc260&amp;URL=https%3a%2f%2fwww.facebook.com%2fbruja.Ollesch\" target=\"_blank\" rel=\"noreferrer noopener\">Mar\u00eda Laura Ollesch<\/a>&nbsp;presenta \u201cCANCIONES CON GUSTO A MATE COMPARTIDO 3\u201d, via streaming, sin p\u00fablico presencial y bajo protocolo sanitario, desde su cuenta de Facebook&nbsp;<a href=\"https:\/\/correo.smandes.gov.ar\/owa\/redir.aspx?C=da37ef3227ad44acb567aca58f9cc260&amp;URL=https%3a%2f%2fwww.facebook.com%2fbruja.Ollesch\" target=\"_blank\" rel=\"noreferrer noopener\">@Mar\u00eda Laura Ollesch<\/a>.<\/p>\n\n\n\n<p><strong>Mar\u00eda Laura<\/strong>&nbsp;es m\u00fasica, cantante, docente de m\u00fasica y canto, hacedora cultural y directora de la murga La Minuta. Oriunda del litoral argentino, Mar\u00eda Laura es influenciada por la cultura de ambas orillas del R\u00edo Uruguay. Su repertorio es un entramado entre sus propias creaciones y canciones de Jorge Fandermole, Fernando Cabrera, Ed\u00fa \u201cPitufo\u201d Lombardo, Jes\u00fas Fern\u00e1ndez y otros grandes artistas que influenciaron los g\u00e9neros de ambos pa\u00edses.<\/p>\n\n\n\n<p>En la presentaci\u00f3n por Facebook Live la acompa\u00f1ar\u00e1n como invitados Ana Grossi en voz y Alejandro \u201cCach\u00fa\u201d Carrizo en percusi\u00f3n.<\/p>\n\n\n\n<p>Adem\u00e1s de disfrutar de la artista, que pas\u00f3 por el Ciclo \u201cViernes Musicales en la G\u00fcnther\u201d en el mes de septiembre, con una presentaci\u00f3n a beneficio de las familias que perdieron su casa en el incendio del Barrio Esperanza, si quer\u00e9s pod\u00e9s darle una mano a trav\u00e9s de los siguientes links:<br>Gorra virtual 1:&nbsp;<a href=\"https:\/\/correo.smandes.gov.ar\/owa\/redir.aspx?C=da37ef3227ad44acb567aca58f9cc260&amp;URL=https%3a%2f%2fmpago.la%2f33tmzQX\" target=\"_blank\" rel=\"noreferrer noopener\">https:\/\/mpago.la\/33tmzQX<\/a><br>Gorra virtual 2:&nbsp;<a href=\"https:\/\/correo.smandes.gov.ar\/owa\/redir.aspx?C=da37ef3227ad44acb567aca58f9cc260&amp;URL=https%3a%2f%2fmpago.la%2f1BmWV6L\" target=\"_blank\" rel=\"noreferrer noopener\">https:\/\/mpago.la\/1BmWV6L<\/a><br>Gorra virtual 3:&nbsp;<a href=\"https:\/\/correo.smandes.gov.ar\/owa\/redir.aspx?C=da37ef3227ad44acb567aca58f9cc260&amp;URL=https%3a%2f%2fmpago.la%2f2U9vsio\" target=\"_blank\" rel=\"noreferrer noopener\">https:\/\/mpago.la\/2U9vsio<\/a><br>Gorra virtual 4:&nbsp;<a href=\"https:\/\/correo.smandes.gov.ar\/owa\/redir.aspx?C=da37ef3227ad44acb567aca58f9cc260&amp;URL=https%3a%2f%2fmpago.la%2f28zgqYJ\" target=\"_blank\" rel=\"noreferrer noopener\">https:\/\/mpago.la\/28zgqYJ<\/a><\/p>\n","protected":false},"excerpt":{"rendered":"<p>Ciclo Mu.Sa en el CCCotesma &#8211; Streaming <a href=\"https:\/\/cultura.sma.gob.ar\/?p=765\" class=\"more-link\">Continue reading <span class=\"screen-reader-text\">Mar\u00eda Laura Ollesch &#8211; Canciones con gusto a mate compartido<\/span><\/a><\/p>\n","protected":false},"author":1,"featured_media":297,"comment_status":"closed","ping_status":"","sticky":false,"template":"","format":"image","meta":{"footnotes":""},"categories":[2],"tags":[],"class_list":["post-765","post","type-post","status-publish","format-image","has-post-thumbnail","hentry","category-ciudad-cultural","post_format-post-format-image"],"_links":{"self":[{"href":"https:\/\/cultura.sma.gob.ar\/index.php?rest_route=\/wp\/v2\/posts\/765","targetHints":{"allow":["GET"]}}],"collection":[{"href":"https:\/\/cultura.sma.gob.ar\/index.php?rest_route=\/wp\/v2\/posts"}],"about":[{"href":"https:\/\/cultura.sma.gob.ar\/index.php?rest_route=\/wp\/v2\/types\/post"}],"author":[{"embeddable":true,"href":"https:\/\/cultura.sma.gob.ar\/index.php?rest_route=\/wp\/v2\/users\/1"}],"replies":[{"embeddable":true,"href":"https:\/\/cultura.sma.gob.ar\/index.php?rest_route=%2Fwp%2Fv2%2Fcomments&post=765"}],"version-history":[{"count":1,"href":"https:\/\/cultura.sma.gob.ar\/index.php?rest_route=\/wp\/v2\/posts\/765\/revisions"}],"predecessor-version":[{"id":767,"href":"https:\/\/cultura.sma.gob.ar\/index.php?rest_route=\/wp\/v2\/posts\/765\/revisions\/767"}],"wp:featuredmedia":[{"embeddable":true,"href":"https:\/\/cultura.sma.gob.ar\/index.php?rest_route=\/wp\/v2\/media\/297"}],"wp:attachment":[{"href":"https:\/\/cultura.sma.gob.ar\/index.php?rest_route=%2Fwp%2Fv2%2Fmedia&parent=765"}],"wp:term":[{"taxonomy":"category","embeddable":true,"href":"https:\/\/cultura.sma.gob.ar\/index.php?rest_route=%2Fwp%2Fv2%2Fcategories&post=765"},{"taxonomy":"post_tag","embeddable":true,"href":"https:\/\/cultura.sma.gob.ar\/index.php?rest_route=%2Fwp%2Fv2%2Ftags&post=765"}],"curies":[{"name":"wp","href":"https:\/\/api.w.org\/{rel}","templated":true}]}}