{"id":761,"date":"2020-11-11T10:05:24","date_gmt":"2020-11-11T13:05:24","guid":{"rendered":"http:\/\/cultura.sma.gob.ar\/?p=761"},"modified":"2020-11-11T10:05:24","modified_gmt":"2020-11-11T13:05:24","slug":"m-s-g-dewey-14-feria-regional-del-libro","status":"publish","type":"post","link":"https:\/\/cultura.sma.gob.ar\/?p=761","title":{"rendered":"M.S.G. Dewey &#8211; 14\u00b0 Feria Regional del Libro"},"content":{"rendered":"\n<figure class=\"wp-block-image size-large\"><img loading=\"lazy\" decoding=\"async\" width=\"1024\" height=\"1024\" src=\"http:\/\/cultura.sma.gob.ar\/wp-content\/uploads\/2020\/11\/1-Flyer-formal-MSGDewey-1024x1024.png\" alt=\"\" class=\"wp-image-762\" srcset=\"https:\/\/cultura.sma.gob.ar\/wp-content\/uploads\/2020\/11\/1-Flyer-formal-MSGDewey-1024x1024.png 1024w, https:\/\/cultura.sma.gob.ar\/wp-content\/uploads\/2020\/11\/1-Flyer-formal-MSGDewey-300x300.png 300w, https:\/\/cultura.sma.gob.ar\/wp-content\/uploads\/2020\/11\/1-Flyer-formal-MSGDewey-150x150.png 150w, https:\/\/cultura.sma.gob.ar\/wp-content\/uploads\/2020\/11\/1-Flyer-formal-MSGDewey-768x768.png 768w, https:\/\/cultura.sma.gob.ar\/wp-content\/uploads\/2020\/11\/1-Flyer-formal-MSGDewey-90x90.png 90w, https:\/\/cultura.sma.gob.ar\/wp-content\/uploads\/2020\/11\/1-Flyer-formal-MSGDewey.png 1080w\" sizes=\"auto, (max-width: 1024px) 100vw, 1024px\" \/><\/figure>\n\n\n\n<p>Por <strong>Librer\u00eda Patalibro<\/strong><\/p>\n\n\n\n<ul class=\"wp-block-list\"><li>Mi\u00e9rcoles 11 &#8211; 21hs &#8211; v\u00eda Zoom<\/li><\/ul>\n\n\n\n<p><em>En un apacible y encantador pueblo cordillerano, cinco mujeres sumergidas en la sociedad posmoderna se enfrentan a la verdad y sus dram\u00e1ticas consecuencias, durante una intensa tormenta de nieve que revuelve sus historias, las violencias secretas, la hipocres\u00eda, los cr\u00edmenes aparentemente perfectos.<\/em><\/p>\n\n\n\n<p>La escritora argentina&nbsp;<strong>M.S.G.Dewey<\/strong>, ha publicado recientemente la novela policial&nbsp;<strong>Viento Blanco.<\/strong><\/p>\n\n\n\n<p><strong>Dewey<\/strong>, inicia con esta novela un nuevo ciclo literario. Escritora de novelas del g\u00e9nero fant\u00e1stico dirigidas al p\u00fablico infantil\/juvenil, da un giro rotundo y se aventura en la literatura de suspenso, thriller o policial, sin perder la esencia patag\u00f3nica de su escritura.<\/p>\n\n\n\n<p>La Patagonia sigue siendo el escenario y la imago, tal como fue en&nbsp;<strong><em>Conjuro<\/em>,&nbsp;<\/strong>en<strong>&nbsp;<em>Duendal<\/em>,&nbsp;<\/strong>en<strong>&nbsp;<em>Obsidiana y el misterio de Alumin\u00e9<\/em>.<\/strong>&nbsp;Sin embargo, esta vez, como si de una relectura se tratara, la Patagonia cordillerana pare una trama distinta. Otra historia ser\u00e1 contada. Otro p\u00fablico la leer\u00e1.<\/p>\n\n\n\n<p><strong>M.S.G.Dewey&nbsp;<\/strong>dice que la Patagonia es el mejor lugar para coleccionar magia, caminar laberintos, descubrir mapas, ajustar br\u00fajulas, espiar espejos, fluirse en historias, so\u00f1ar personajes, vivir literatura. Y por eso vive, escribe y crece hace ya diecisiete a\u00f1os en San Mart\u00edn de los Andes, Neuqu\u00e9n, Patagonia Argentina.&nbsp;<\/p>\n","protected":false},"excerpt":{"rendered":"<p>Actividad virtual <a href=\"https:\/\/cultura.sma.gob.ar\/?p=761\" class=\"more-link\">Continue reading <span class=\"screen-reader-text\">M.S.G. Dewey &#8211; 14\u00b0 Feria Regional del Libro<\/span><\/a><\/p>\n","protected":false},"author":1,"featured_media":296,"comment_status":"closed","ping_status":"","sticky":false,"template":"","format":"image","meta":{"footnotes":""},"categories":[3,9],"tags":[],"class_list":["post-761","post","type-post","status-publish","format-image","has-post-thumbnail","hentry","category-eventos-cultura","category-ultimas-noticias","post_format-post-format-image"],"_links":{"self":[{"href":"https:\/\/cultura.sma.gob.ar\/index.php?rest_route=\/wp\/v2\/posts\/761","targetHints":{"allow":["GET"]}}],"collection":[{"href":"https:\/\/cultura.sma.gob.ar\/index.php?rest_route=\/wp\/v2\/posts"}],"about":[{"href":"https:\/\/cultura.sma.gob.ar\/index.php?rest_route=\/wp\/v2\/types\/post"}],"author":[{"embeddable":true,"href":"https:\/\/cultura.sma.gob.ar\/index.php?rest_route=\/wp\/v2\/users\/1"}],"replies":[{"embeddable":true,"href":"https:\/\/cultura.sma.gob.ar\/index.php?rest_route=%2Fwp%2Fv2%2Fcomments&post=761"}],"version-history":[{"count":1,"href":"https:\/\/cultura.sma.gob.ar\/index.php?rest_route=\/wp\/v2\/posts\/761\/revisions"}],"predecessor-version":[{"id":763,"href":"https:\/\/cultura.sma.gob.ar\/index.php?rest_route=\/wp\/v2\/posts\/761\/revisions\/763"}],"wp:featuredmedia":[{"embeddable":true,"href":"https:\/\/cultura.sma.gob.ar\/index.php?rest_route=\/wp\/v2\/media\/296"}],"wp:attachment":[{"href":"https:\/\/cultura.sma.gob.ar\/index.php?rest_route=%2Fwp%2Fv2%2Fmedia&parent=761"}],"wp:term":[{"taxonomy":"category","embeddable":true,"href":"https:\/\/cultura.sma.gob.ar\/index.php?rest_route=%2Fwp%2Fv2%2Fcategories&post=761"},{"taxonomy":"post_tag","embeddable":true,"href":"https:\/\/cultura.sma.gob.ar\/index.php?rest_route=%2Fwp%2Fv2%2Ftags&post=761"}],"curies":[{"name":"wp","href":"https:\/\/api.w.org\/{rel}","templated":true}]}}