{"id":756,"date":"2020-11-10T13:33:58","date_gmt":"2020-11-10T16:33:58","guid":{"rendered":"http:\/\/cultura.sma.gob.ar\/?p=756"},"modified":"2020-11-10T13:33:58","modified_gmt":"2020-11-10T16:33:58","slug":"lorena-pronsky-14-feria-regional-del-libro","status":"publish","type":"post","link":"https:\/\/cultura.sma.gob.ar\/?p=756","title":{"rendered":"Lorena Pronsky &#8211; 14\u00b0 Feria Regional del Libro"},"content":{"rendered":"\n<figure class=\"wp-block-image size-large\"><img loading=\"lazy\" decoding=\"async\" width=\"1024\" height=\"1024\" src=\"http:\/\/cultura.sma.gob.ar\/wp-content\/uploads\/2020\/11\/1-Flyer-Formal-Lorena-Pronsky-1024x1024.png\" alt=\"\" class=\"wp-image-757\" srcset=\"https:\/\/cultura.sma.gob.ar\/wp-content\/uploads\/2020\/11\/1-Flyer-Formal-Lorena-Pronsky-1024x1024.png 1024w, https:\/\/cultura.sma.gob.ar\/wp-content\/uploads\/2020\/11\/1-Flyer-Formal-Lorena-Pronsky-300x300.png 300w, https:\/\/cultura.sma.gob.ar\/wp-content\/uploads\/2020\/11\/1-Flyer-Formal-Lorena-Pronsky-150x150.png 150w, https:\/\/cultura.sma.gob.ar\/wp-content\/uploads\/2020\/11\/1-Flyer-Formal-Lorena-Pronsky-768x768.png 768w, https:\/\/cultura.sma.gob.ar\/wp-content\/uploads\/2020\/11\/1-Flyer-Formal-Lorena-Pronsky-90x90.png 90w, https:\/\/cultura.sma.gob.ar\/wp-content\/uploads\/2020\/11\/1-Flyer-Formal-Lorena-Pronsky.png 1080w\" sizes=\"auto, (max-width: 1024px) 100vw, 1024px\" \/><\/figure>\n\n\n\n<p>Por <strong>Penguin Random House y Librer\u00eda Patalibro<\/strong><\/p>\n\n\n\n<ul class=\"wp-block-list\"><li>Mi\u00e9rcoles 11 &#8211; 19:30hs &#8211; v\u00eda Zoom<\/li><\/ul>\n\n\n\n<p><strong><em>Despierta<\/em><\/strong>&nbsp;es el paso hacia una existencia verdadera. Una invitaci\u00f3n a conocernos y animarnos a pisar firme y fuerte.<\/p>\n\n\n\n<p>Siempre hacia donde nos gu\u00eden nuestros latidos.<\/p>\n\n\n\n<p>S\u00ed. Los nuestros.<br><strong>Lorena Pronsky<\/strong><\/p>\n\n\n\n<p>La mayor\u00eda de las decisiones que tomamos en nuestra vida las hacemos estando dormidos. Casi arrastrados por un estado de inercia. Cuando reaccionamos, el paso ya est\u00e1 dado y el resto del tiempo nos quedamos ah\u00ed -atrapados- intentando hacer algo con eso que ni advertimos haber decidido.<\/p>\n\n\n\n<p>Hay cosas que no se deshacen. Querer intentarlo es verle la cara a la frustraci\u00f3n.<\/p>\n\n\n\n<p>Por el contrario, se hace necesario un viaje a nuestro mundo interior.<\/p>\n\n\n\n<p>Si registramos lo que hacemos y sentimos, ganamos libertad y la posibilidad urgente de conocer nuestros deseos m\u00e1s profundos.<\/p>\n\n\n\n<p>\u00bfQui\u00e9n soy? \u00bfQu\u00e9 quiero? \u00bfC\u00f3mo lo quiero?<\/p>\n\n\n\n<p>Ser conscientes de lo que sentimos: decirlo, palparlo y nombrarlo son formas en las que logramos adue\u00f1arnos de nuestra vida. Cuanto antes despertemos a nuestro mundo interior, m\u00e1s sabias y honestas ser\u00e1n nuestras decisiones.<\/p>\n\n\n\n<p><strong>Lorena Pronsky<\/strong>&nbsp;naci\u00f3 en La Plata en 1976 y estudi\u00f3 en la Facultad de Humanidades de la Universidad Cat\u00f3lica de su ciudad. Licenciada en Psicolog\u00eda desde 2003, posee una destacada experiencia en el \u00e1rea de la psicolog\u00eda cl\u00ednica y en el tratamiento de adicciones.<\/p>\n\n\n\n<p><strong><em>Rota se camina igual<\/em><\/strong>, su primer libro, reson\u00f3 en miles de lectores, transform\u00e1ndose en pocas semanas en un \u00e9xito.&nbsp;<strong><em>Curame<\/em><\/strong>, el segundo, confirm\u00f3 que su voz novedosa, potente y original se hab\u00eda ganado un espacio indiscutido entre los lectores que, sin duda, la estaban esperando.<\/p>\n\n\n\n<p>Dicta conferencias en distintos puntos de la Argentina y el exterior.<\/p>\n","protected":false},"excerpt":{"rendered":"<p>Actividad virtual <a href=\"https:\/\/cultura.sma.gob.ar\/?p=756\" class=\"more-link\">Continue reading <span class=\"screen-reader-text\">Lorena Pronsky &#8211; 14\u00b0 Feria Regional del Libro<\/span><\/a><\/p>\n","protected":false},"author":1,"featured_media":296,"comment_status":"closed","ping_status":"","sticky":false,"template":"","format":"image","meta":{"footnotes":""},"categories":[3,9],"tags":[],"class_list":["post-756","post","type-post","status-publish","format-image","has-post-thumbnail","hentry","category-eventos-cultura","category-ultimas-noticias","post_format-post-format-image"],"_links":{"self":[{"href":"https:\/\/cultura.sma.gob.ar\/index.php?rest_route=\/wp\/v2\/posts\/756","targetHints":{"allow":["GET"]}}],"collection":[{"href":"https:\/\/cultura.sma.gob.ar\/index.php?rest_route=\/wp\/v2\/posts"}],"about":[{"href":"https:\/\/cultura.sma.gob.ar\/index.php?rest_route=\/wp\/v2\/types\/post"}],"author":[{"embeddable":true,"href":"https:\/\/cultura.sma.gob.ar\/index.php?rest_route=\/wp\/v2\/users\/1"}],"replies":[{"embeddable":true,"href":"https:\/\/cultura.sma.gob.ar\/index.php?rest_route=%2Fwp%2Fv2%2Fcomments&post=756"}],"version-history":[{"count":1,"href":"https:\/\/cultura.sma.gob.ar\/index.php?rest_route=\/wp\/v2\/posts\/756\/revisions"}],"predecessor-version":[{"id":758,"href":"https:\/\/cultura.sma.gob.ar\/index.php?rest_route=\/wp\/v2\/posts\/756\/revisions\/758"}],"wp:featuredmedia":[{"embeddable":true,"href":"https:\/\/cultura.sma.gob.ar\/index.php?rest_route=\/wp\/v2\/media\/296"}],"wp:attachment":[{"href":"https:\/\/cultura.sma.gob.ar\/index.php?rest_route=%2Fwp%2Fv2%2Fmedia&parent=756"}],"wp:term":[{"taxonomy":"category","embeddable":true,"href":"https:\/\/cultura.sma.gob.ar\/index.php?rest_route=%2Fwp%2Fv2%2Fcategories&post=756"},{"taxonomy":"post_tag","embeddable":true,"href":"https:\/\/cultura.sma.gob.ar\/index.php?rest_route=%2Fwp%2Fv2%2Ftags&post=756"}],"curies":[{"name":"wp","href":"https:\/\/api.w.org\/{rel}","templated":true}]}}