{"id":753,"date":"2020-11-10T13:29:30","date_gmt":"2020-11-10T16:29:30","guid":{"rendered":"http:\/\/cultura.sma.gob.ar\/?p=753"},"modified":"2020-11-10T13:29:30","modified_gmt":"2020-11-10T16:29:30","slug":"laura-miranda-14-feria-regional-del-libro","status":"publish","type":"post","link":"https:\/\/cultura.sma.gob.ar\/?p=753","title":{"rendered":"Laura Miranda &#8211; 14\u00b0 Feria Regional del Libro"},"content":{"rendered":"\n<figure class=\"wp-block-image size-large\"><img loading=\"lazy\" decoding=\"async\" width=\"1024\" height=\"1024\" src=\"http:\/\/cultura.sma.gob.ar\/wp-content\/uploads\/2020\/11\/1-Flyer-Formal-Laura-Miranda-1024x1024.png\" alt=\"\" class=\"wp-image-754\" srcset=\"https:\/\/cultura.sma.gob.ar\/wp-content\/uploads\/2020\/11\/1-Flyer-Formal-Laura-Miranda-1024x1024.png 1024w, https:\/\/cultura.sma.gob.ar\/wp-content\/uploads\/2020\/11\/1-Flyer-Formal-Laura-Miranda-300x300.png 300w, https:\/\/cultura.sma.gob.ar\/wp-content\/uploads\/2020\/11\/1-Flyer-Formal-Laura-Miranda-150x150.png 150w, https:\/\/cultura.sma.gob.ar\/wp-content\/uploads\/2020\/11\/1-Flyer-Formal-Laura-Miranda-768x768.png 768w, https:\/\/cultura.sma.gob.ar\/wp-content\/uploads\/2020\/11\/1-Flyer-Formal-Laura-Miranda-90x90.png 90w, https:\/\/cultura.sma.gob.ar\/wp-content\/uploads\/2020\/11\/1-Flyer-Formal-Laura-Miranda.png 1080w\" sizes=\"auto, (max-width: 1024px) 100vw, 1024px\" \/><\/figure>\n\n\n\n<p>Por <strong>VR Editora y Librer\u00eda Patalibro<\/strong><\/p>\n\n\n\n<ul class=\"wp-block-list\"><li>Mi\u00e9rcoles 11 &#8211; 17:15hs &#8211; v\u00eda Zoom<\/li><\/ul>\n\n\n\n<p>Se presentar\u00e1 el \u00faltimo l\u00edbro de Laura Miranda \u201cEcos del fuego\u201d que narra la vida de una mujer diferente, signada por lo inesperado, que resiste su destino sin resignarse.<\/p>\n\n\n\n<p>Posteriormente, en un encuentro con di\u00e1logo abierto con sus lectoras y lectores , se compartir\u00e1n opiniones respecto a las historias de amor contempor\u00e1neas y su estilo actual alejado de los estereotipos de g\u00e9nero as\u00ed como tambi\u00e9n lo referido a los mandatos sociales que cercenan libertades y no permiten alcanzar la felicidad, sobre todo entre las mujeres.<\/p>\n\n\n\n<p><strong>Laura G. Mirand<\/strong>a ha logrado un estilo propio dentro de la novela rom\u00e1ntica contempor\u00e1nea. Vive con su esposo, sus dos hijos y sus mascotas (dos gatas y un perro a los que adora) cerca del mar, lugar que considera su refugio. Es abogada y docente. Ha ganado premios nacionales e internacionales como poeta y narradora. En 2014 public\u00f3 Amuleto contra el vac\u00edo (Ediciones B), declarada de inter\u00e9s cultural por la Municipalidad de Mar del Plata el mismo a\u00f1o. Volver del Abismo, publicada en 2015 por la misma editorial fue su segunda novela. Laberinto del alma, fue publicada en 2016 bajo el mismo sello. En 2017 obtuvo el Premio Lobo de Mar en literatura edici\u00f3n 29. En 2018 public\u00f3 M\u00e1s all\u00e1 del mar, de Editorial Eudem de la Universidad Nacional de Mar del Plata. En Volver a m\u00ed, su \u00faltima novela, narra la vida de Gina, una mujer de 45 a\u00f1os cuyo destino ser\u00e1 entender que para ser feliz debe priorizarse por sobre todo y todos.<\/p>\n","protected":false},"excerpt":{"rendered":"<p>Actividad virtual <a href=\"https:\/\/cultura.sma.gob.ar\/?p=753\" class=\"more-link\">Continue reading <span class=\"screen-reader-text\">Laura Miranda &#8211; 14\u00b0 Feria Regional del Libro<\/span><\/a><\/p>\n","protected":false},"author":1,"featured_media":296,"comment_status":"closed","ping_status":"","sticky":false,"template":"","format":"image","meta":{"footnotes":""},"categories":[3,9],"tags":[],"class_list":["post-753","post","type-post","status-publish","format-image","has-post-thumbnail","hentry","category-eventos-cultura","category-ultimas-noticias","post_format-post-format-image"],"_links":{"self":[{"href":"https:\/\/cultura.sma.gob.ar\/index.php?rest_route=\/wp\/v2\/posts\/753","targetHints":{"allow":["GET"]}}],"collection":[{"href":"https:\/\/cultura.sma.gob.ar\/index.php?rest_route=\/wp\/v2\/posts"}],"about":[{"href":"https:\/\/cultura.sma.gob.ar\/index.php?rest_route=\/wp\/v2\/types\/post"}],"author":[{"embeddable":true,"href":"https:\/\/cultura.sma.gob.ar\/index.php?rest_route=\/wp\/v2\/users\/1"}],"replies":[{"embeddable":true,"href":"https:\/\/cultura.sma.gob.ar\/index.php?rest_route=%2Fwp%2Fv2%2Fcomments&post=753"}],"version-history":[{"count":1,"href":"https:\/\/cultura.sma.gob.ar\/index.php?rest_route=\/wp\/v2\/posts\/753\/revisions"}],"predecessor-version":[{"id":755,"href":"https:\/\/cultura.sma.gob.ar\/index.php?rest_route=\/wp\/v2\/posts\/753\/revisions\/755"}],"wp:featuredmedia":[{"embeddable":true,"href":"https:\/\/cultura.sma.gob.ar\/index.php?rest_route=\/wp\/v2\/media\/296"}],"wp:attachment":[{"href":"https:\/\/cultura.sma.gob.ar\/index.php?rest_route=%2Fwp%2Fv2%2Fmedia&parent=753"}],"wp:term":[{"taxonomy":"category","embeddable":true,"href":"https:\/\/cultura.sma.gob.ar\/index.php?rest_route=%2Fwp%2Fv2%2Fcategories&post=753"},{"taxonomy":"post_tag","embeddable":true,"href":"https:\/\/cultura.sma.gob.ar\/index.php?rest_route=%2Fwp%2Fv2%2Ftags&post=753"}],"curies":[{"name":"wp","href":"https:\/\/api.w.org\/{rel}","templated":true}]}}