{"id":743,"date":"2020-11-09T09:51:36","date_gmt":"2020-11-09T12:51:36","guid":{"rendered":"http:\/\/cultura.sma.gob.ar\/?p=743"},"modified":"2020-11-09T09:51:36","modified_gmt":"2020-11-09T12:51:36","slug":"cesar-fernandez-14-feria-regional-del-libro","status":"publish","type":"post","link":"https:\/\/cultura.sma.gob.ar\/?p=743","title":{"rendered":"C\u00e9sar Fern\u00e1ndez &#8211; 14\u00b0 Feria Regional del Libro"},"content":{"rendered":"\n<figure class=\"wp-block-image size-large\"><img loading=\"lazy\" decoding=\"async\" width=\"1024\" height=\"1024\" src=\"http:\/\/cultura.sma.gob.ar\/wp-content\/uploads\/2020\/11\/3.png-Fernandez-Cesar-OK-OK-1024x1024.png\" alt=\"\" class=\"wp-image-744\" srcset=\"https:\/\/cultura.sma.gob.ar\/wp-content\/uploads\/2020\/11\/3.png-Fernandez-Cesar-OK-OK-1024x1024.png 1024w, https:\/\/cultura.sma.gob.ar\/wp-content\/uploads\/2020\/11\/3.png-Fernandez-Cesar-OK-OK-300x300.png 300w, https:\/\/cultura.sma.gob.ar\/wp-content\/uploads\/2020\/11\/3.png-Fernandez-Cesar-OK-OK-150x150.png 150w, https:\/\/cultura.sma.gob.ar\/wp-content\/uploads\/2020\/11\/3.png-Fernandez-Cesar-OK-OK-768x768.png 768w, https:\/\/cultura.sma.gob.ar\/wp-content\/uploads\/2020\/11\/3.png-Fernandez-Cesar-OK-OK-90x90.png 90w, https:\/\/cultura.sma.gob.ar\/wp-content\/uploads\/2020\/11\/3.png-Fernandez-Cesar-OK-OK.png 1080w\" sizes=\"auto, (max-width: 1024px) 100vw, 1024px\" \/><\/figure>\n\n\n\n<p>Por <strong>Librer\u00eda Patalibro<\/strong><\/p>\n\n\n\n<p>Presentaci\u00f3n de &#8220;Patagonia y Patag\u00f3nicos&#8221; y &#8221; Elmez en Patagonia&#8221;, del escritor C\u00e9sar Fern\u00e1ndez.<\/p>\n\n\n\n<ul class=\"wp-block-list\"><li>Martes 10 &#8211; 17:15hs &#8211; v\u00eda Zoom<\/li><\/ul>\n\n\n\n<p>Se cumplen 500 a\u00f1os de que la Patagonia tiene tal nombre. Se la dio Fernando de Magallanes en 1520. Tambi\u00e9n le dio nombre al oc\u00e9ano Pac\u00edfico, a Santa Cruz, Cabo Deseado, puerto San Juli\u00e1n y otros lugares m\u00e1s de nuestro sur. El autor re\u00fane estudios ling\u00fc\u00edsticos y literarios referidos a la regi\u00f3n m\u00e1s grande de la Argentina.\u00a0 Trata temas relacionados con las lenguas que se han hablado en la Patagonia, la relaci\u00f3n entre ideolog\u00eda y el cambio ling\u00fc\u00edstico, los top\u00f3nimos y algunos escritores como Irma Cu\u00f1a, Alejandro Finzi y Delia<\/p>\n\n\n\n<p>V\u00edctor Elmez es un personaje muy singular en la saga de \u201cbandoleros rurales\u201d de la Argentina en la que figuran Segundo David Peralta (a) Mate Cosido, Elena Greenhill (a) La inglesa bandolera, Juan Bautista Vairoleto. Tal vez se trate del \u00fanico de los bandoleros rurales de los siglos XIX y XX que cuente, y en verso, su propia historia. En 1932 es detenido en la localidad de Cervantes despu\u00e9s de haber matado a dos polic\u00edas y lo env\u00edan a la c\u00e1rcel de Viedma donde pasa m\u00e1s de cuatro a\u00f1os esperando el juicio. All\u00ed escribe sus memorias que se publican 66 a\u00f1os despu\u00e9s. En el encabezado dice: \u201cEl delincuente V. Elmez dedica sus breves memorias al pueblo de Gral. Roca y sus proximidades\u201d. A diferencia de la mayor\u00eda de los delincuentes de su \u00e9poca este joven hab\u00eda realizado estudios primarios y, tal vez, parte del secundario en su Chile natal. El protagonista vive huyendo para sobrevivir y cuando se detiene lo apresan. Ah\u00ed se inicia otra historia y aparece el lector y el escritor.<\/p>\n\n\n\n<p><strong>C\u00e9sar Fern\u00e1ndez<\/strong> es profesor y doctor en Letras de la Universidad Nacional de La Plata, jubilado como profesor titular regular en la Universidad Nacional del Comahue, miembro de la Academia Argentina de Letras. Trabaj\u00f3 en el campo de ling\u00fc\u00edstica y literatura mapuche y socioling\u00fc\u00edstica hisp\u00e1nica, did\u00e1ctica de la lengua y educaci\u00f3n intercultural en la Universidad Nacional del Comahue. \u00a0Autor de Cuentan los Mapuches (7 ediciones), Los Nombres de la Tierra Patag\u00f3nica, Interculturalidad en contexto mapuche, Patagonia y Patag\u00f3nicos, Elmez Bandoleros en Patagonia (novela). Es miembro de la Academia Argentina de Letras.<\/p>\n","protected":false},"excerpt":{"rendered":"<p>Actividad virtual <a href=\"https:\/\/cultura.sma.gob.ar\/?p=743\" class=\"more-link\">Continue reading <span class=\"screen-reader-text\">C\u00e9sar Fern\u00e1ndez &#8211; 14\u00b0 Feria Regional del Libro<\/span><\/a><\/p>\n","protected":false},"author":1,"featured_media":296,"comment_status":"closed","ping_status":"","sticky":false,"template":"","format":"image","meta":{"footnotes":""},"categories":[3,9],"tags":[],"class_list":["post-743","post","type-post","status-publish","format-image","has-post-thumbnail","hentry","category-eventos-cultura","category-ultimas-noticias","post_format-post-format-image"],"_links":{"self":[{"href":"https:\/\/cultura.sma.gob.ar\/index.php?rest_route=\/wp\/v2\/posts\/743","targetHints":{"allow":["GET"]}}],"collection":[{"href":"https:\/\/cultura.sma.gob.ar\/index.php?rest_route=\/wp\/v2\/posts"}],"about":[{"href":"https:\/\/cultura.sma.gob.ar\/index.php?rest_route=\/wp\/v2\/types\/post"}],"author":[{"embeddable":true,"href":"https:\/\/cultura.sma.gob.ar\/index.php?rest_route=\/wp\/v2\/users\/1"}],"replies":[{"embeddable":true,"href":"https:\/\/cultura.sma.gob.ar\/index.php?rest_route=%2Fwp%2Fv2%2Fcomments&post=743"}],"version-history":[{"count":1,"href":"https:\/\/cultura.sma.gob.ar\/index.php?rest_route=\/wp\/v2\/posts\/743\/revisions"}],"predecessor-version":[{"id":745,"href":"https:\/\/cultura.sma.gob.ar\/index.php?rest_route=\/wp\/v2\/posts\/743\/revisions\/745"}],"wp:featuredmedia":[{"embeddable":true,"href":"https:\/\/cultura.sma.gob.ar\/index.php?rest_route=\/wp\/v2\/media\/296"}],"wp:attachment":[{"href":"https:\/\/cultura.sma.gob.ar\/index.php?rest_route=%2Fwp%2Fv2%2Fmedia&parent=743"}],"wp:term":[{"taxonomy":"category","embeddable":true,"href":"https:\/\/cultura.sma.gob.ar\/index.php?rest_route=%2Fwp%2Fv2%2Fcategories&post=743"},{"taxonomy":"post_tag","embeddable":true,"href":"https:\/\/cultura.sma.gob.ar\/index.php?rest_route=%2Fwp%2Fv2%2Ftags&post=743"}],"curies":[{"name":"wp","href":"https:\/\/api.w.org\/{rel}","templated":true}]}}