{"id":739,"date":"2020-11-08T12:51:41","date_gmt":"2020-11-08T15:51:41","guid":{"rendered":"http:\/\/cultura.sma.gob.ar\/?p=739"},"modified":"2020-11-08T12:51:41","modified_gmt":"2020-11-08T15:51:41","slug":"centro-integral-de-titeres-y-afines-14-feria-regional-del-libro","status":"publish","type":"post","link":"https:\/\/cultura.sma.gob.ar\/?p=739","title":{"rendered":"Centro Integral de T\u00edteres y Afines &#8211; 14\u00b0 Feria regional del Libro"},"content":{"rendered":"\n<figure class=\"wp-block-image size-large\"><img loading=\"lazy\" decoding=\"async\" width=\"777\" height=\"781\" src=\"http:\/\/cultura.sma.gob.ar\/wp-content\/uploads\/2020\/11\/cita.png\" alt=\"\" class=\"wp-image-740\" srcset=\"https:\/\/cultura.sma.gob.ar\/wp-content\/uploads\/2020\/11\/cita.png 777w, https:\/\/cultura.sma.gob.ar\/wp-content\/uploads\/2020\/11\/cita-298x300.png 298w, https:\/\/cultura.sma.gob.ar\/wp-content\/uploads\/2020\/11\/cita-150x150.png 150w, https:\/\/cultura.sma.gob.ar\/wp-content\/uploads\/2020\/11\/cita-768x772.png 768w, https:\/\/cultura.sma.gob.ar\/wp-content\/uploads\/2020\/11\/cita-90x90.png 90w\" sizes=\"auto, (max-width: 777px) 100vw, 777px\" \/><\/figure>\n\n\n\n<p><strong>Centro Integral de T\u00edteres y Afines (CITA)<\/strong><\/p>\n\n\n\n<p>Presentaci\u00f3n de la biblioteca <strong>\u201cPor una flor\u201d<\/strong><\/p>\n\n\n\n<ul class=\"wp-block-list\"><li>Viernes 13- 18:00 hs &#8211; en Piccolo<\/li><\/ul>\n\n\n\n<p><strong>Reserv\u00e1 tu lugar en el restaurante<\/strong><\/p>\n\n\n\n<p>La biblioteca POR UNA FLOR integra las propuestas del colectivo CITA, Centro Integral de T\u00edteres y Afines. Es una biblioteca especializada en artes esc\u00e9nicas y artes en general.<\/p>\n\n\n\n<p>Lleva el nombre \u201cPor una flor\u201d en reconocimiento y homenaje a Luis Alberto \u201cKique\u201d S\u00e1nchez Vera, por su enorme aporte al teatro de t\u00edteres en la Provincia de Neuqu\u00e9n.<\/p>\n","protected":false},"excerpt":{"rendered":"<p>Actividad presencial <a href=\"https:\/\/cultura.sma.gob.ar\/?p=739\" class=\"more-link\">Continue reading <span class=\"screen-reader-text\">Centro Integral de T\u00edteres y Afines &#8211; 14\u00b0 Feria regional del Libro<\/span><\/a><\/p>\n","protected":false},"author":1,"featured_media":296,"comment_status":"closed","ping_status":"","sticky":false,"template":"","format":"image","meta":{"footnotes":""},"categories":[3,9],"tags":[],"class_list":["post-739","post","type-post","status-publish","format-image","has-post-thumbnail","hentry","category-eventos-cultura","category-ultimas-noticias","post_format-post-format-image"],"_links":{"self":[{"href":"https:\/\/cultura.sma.gob.ar\/index.php?rest_route=\/wp\/v2\/posts\/739","targetHints":{"allow":["GET"]}}],"collection":[{"href":"https:\/\/cultura.sma.gob.ar\/index.php?rest_route=\/wp\/v2\/posts"}],"about":[{"href":"https:\/\/cultura.sma.gob.ar\/index.php?rest_route=\/wp\/v2\/types\/post"}],"author":[{"embeddable":true,"href":"https:\/\/cultura.sma.gob.ar\/index.php?rest_route=\/wp\/v2\/users\/1"}],"replies":[{"embeddable":true,"href":"https:\/\/cultura.sma.gob.ar\/index.php?rest_route=%2Fwp%2Fv2%2Fcomments&post=739"}],"version-history":[{"count":1,"href":"https:\/\/cultura.sma.gob.ar\/index.php?rest_route=\/wp\/v2\/posts\/739\/revisions"}],"predecessor-version":[{"id":741,"href":"https:\/\/cultura.sma.gob.ar\/index.php?rest_route=\/wp\/v2\/posts\/739\/revisions\/741"}],"wp:featuredmedia":[{"embeddable":true,"href":"https:\/\/cultura.sma.gob.ar\/index.php?rest_route=\/wp\/v2\/media\/296"}],"wp:attachment":[{"href":"https:\/\/cultura.sma.gob.ar\/index.php?rest_route=%2Fwp%2Fv2%2Fmedia&parent=739"}],"wp:term":[{"taxonomy":"category","embeddable":true,"href":"https:\/\/cultura.sma.gob.ar\/index.php?rest_route=%2Fwp%2Fv2%2Fcategories&post=739"},{"taxonomy":"post_tag","embeddable":true,"href":"https:\/\/cultura.sma.gob.ar\/index.php?rest_route=%2Fwp%2Fv2%2Ftags&post=739"}],"curies":[{"name":"wp","href":"https:\/\/api.w.org\/{rel}","templated":true}]}}