{"id":735,"date":"2020-11-07T13:08:54","date_gmt":"2020-11-07T16:08:54","guid":{"rendered":"http:\/\/cultura.sma.gob.ar\/?p=735"},"modified":"2020-11-07T13:08:54","modified_gmt":"2020-11-07T16:08:54","slug":"quantum-viernes-culturales-del-cccotesma","status":"publish","type":"post","link":"https:\/\/cultura.sma.gob.ar\/?p=735","title":{"rendered":"Quantum &#8211; Viernes culturales del CCCotesma"},"content":{"rendered":"\n<figure class=\"wp-block-image size-large\"><img loading=\"lazy\" decoding=\"async\" width=\"355\" height=\"355\" src=\"http:\/\/cultura.sma.gob.ar\/wp-content\/uploads\/2020\/11\/Flyer-QUANTUM.jpg\" alt=\"\" class=\"wp-image-736\" srcset=\"https:\/\/cultura.sma.gob.ar\/wp-content\/uploads\/2020\/11\/Flyer-QUANTUM.jpg 355w, https:\/\/cultura.sma.gob.ar\/wp-content\/uploads\/2020\/11\/Flyer-QUANTUM-300x300.jpg 300w, https:\/\/cultura.sma.gob.ar\/wp-content\/uploads\/2020\/11\/Flyer-QUANTUM-150x150.jpg 150w, https:\/\/cultura.sma.gob.ar\/wp-content\/uploads\/2020\/11\/Flyer-QUANTUM-90x90.jpg 90w\" sizes=\"auto, (max-width: 355px) 100vw, 355px\" \/><\/figure>\n\n\n\n<p>Los &#8220;VIERNES CULTURALES&#8221; se llenan de m\u00fasica con m\u00e1s streamings desde la Sala Amankay&#8230;<\/p>\n\n\n\n<p>Seguimos acompa\u00f1ando a nuestros artistas con m\u00e1s presentaciones en vivo, v\u00eda streaming, sin p\u00fablico presencial y bajo protocolo sanitario, desde nuestra querida Sala Amankay.<br>De la mano de \u201cQUANTUM\u201d llenamos los \u201cVIERNES CULTURALES\u201d de rock.<\/p>\n\n\n\n<p>Imperdible propuesta para disfrutar a trav\u00e9s del Facebook de la banda:&nbsp;<a href=\"https:\/\/www.facebook.com\/quantumrock1\">https:\/\/www.facebook.com\/quantumrock1<\/a><\/p>\n\n\n\n<p>El tr\u00edo, integrado por Christian Villar en bajo, Lucio Cincotta en bater\u00eda y coros y Horacio Patron en guitarra y voz, presentar\u00e1 un repertorio de canciones de su autor\u00eda, mezclada con covers versionados de Charly Garc\u00eda y Divididos.<br>Si bien las letras en su mayor\u00eda son de Horacio Patr\u00f3n, la composici\u00f3n musical de las mismas pertenece a los tres integrantes de la banda.<\/p>\n\n\n\n<p>\u201cLa idea es poder transmitir un poco de lo que solemos hacer en vivo y que la gente pueda escuchar un poco de rock power tr\u00edo y la despedida temporal de nuestro gran baterista Lucio Cincotta\u201d.<\/p>\n\n\n\n<p>Adem\u00e1s de disfrutar la presentaci\u00f3n, pod\u00e9s colaborar con los artistas alsiguiente CBU: 0170178040000031493910. Titular de la cuenta Horacio Patron.<\/p>\n\n\n\n<p>Imperdible.<\/p>\n","protected":false},"excerpt":{"rendered":"<p>Viernes 13 por Facebook Live <a href=\"https:\/\/cultura.sma.gob.ar\/?p=735\" class=\"more-link\">Continue reading <span class=\"screen-reader-text\">Quantum &#8211; Viernes culturales del CCCotesma<\/span><\/a><\/p>\n","protected":false},"author":1,"featured_media":297,"comment_status":"closed","ping_status":"","sticky":false,"template":"","format":"image","meta":{"footnotes":""},"categories":[2],"tags":[],"class_list":["post-735","post","type-post","status-publish","format-image","has-post-thumbnail","hentry","category-ciudad-cultural","post_format-post-format-image"],"_links":{"self":[{"href":"https:\/\/cultura.sma.gob.ar\/index.php?rest_route=\/wp\/v2\/posts\/735","targetHints":{"allow":["GET"]}}],"collection":[{"href":"https:\/\/cultura.sma.gob.ar\/index.php?rest_route=\/wp\/v2\/posts"}],"about":[{"href":"https:\/\/cultura.sma.gob.ar\/index.php?rest_route=\/wp\/v2\/types\/post"}],"author":[{"embeddable":true,"href":"https:\/\/cultura.sma.gob.ar\/index.php?rest_route=\/wp\/v2\/users\/1"}],"replies":[{"embeddable":true,"href":"https:\/\/cultura.sma.gob.ar\/index.php?rest_route=%2Fwp%2Fv2%2Fcomments&post=735"}],"version-history":[{"count":1,"href":"https:\/\/cultura.sma.gob.ar\/index.php?rest_route=\/wp\/v2\/posts\/735\/revisions"}],"predecessor-version":[{"id":737,"href":"https:\/\/cultura.sma.gob.ar\/index.php?rest_route=\/wp\/v2\/posts\/735\/revisions\/737"}],"wp:featuredmedia":[{"embeddable":true,"href":"https:\/\/cultura.sma.gob.ar\/index.php?rest_route=\/wp\/v2\/media\/297"}],"wp:attachment":[{"href":"https:\/\/cultura.sma.gob.ar\/index.php?rest_route=%2Fwp%2Fv2%2Fmedia&parent=735"}],"wp:term":[{"taxonomy":"category","embeddable":true,"href":"https:\/\/cultura.sma.gob.ar\/index.php?rest_route=%2Fwp%2Fv2%2Fcategories&post=735"},{"taxonomy":"post_tag","embeddable":true,"href":"https:\/\/cultura.sma.gob.ar\/index.php?rest_route=%2Fwp%2Fv2%2Ftags&post=735"}],"curies":[{"name":"wp","href":"https:\/\/api.w.org\/{rel}","templated":true}]}}