{"id":731,"date":"2020-11-07T13:01:41","date_gmt":"2020-11-07T16:01:41","guid":{"rendered":"http:\/\/cultura.sma.gob.ar\/?p=731"},"modified":"2020-11-07T13:01:41","modified_gmt":"2020-11-07T16:01:41","slug":"beta-brownie-en-el-ciclo-mu-sa","status":"publish","type":"post","link":"https:\/\/cultura.sma.gob.ar\/?p=731","title":{"rendered":"Beta Brownie en el ciclo Mu.Sa"},"content":{"rendered":"\n<figure class=\"wp-block-image size-large\"><img loading=\"lazy\" decoding=\"async\" width=\"1024\" height=\"1024\" src=\"http:\/\/cultura.sma.gob.ar\/wp-content\/uploads\/2020\/11\/Flyer-Beta-Brownie-1024x1024.jpg\" alt=\"\" class=\"wp-image-732\" srcset=\"https:\/\/cultura.sma.gob.ar\/wp-content\/uploads\/2020\/11\/Flyer-Beta-Brownie-1024x1024.jpg 1024w, https:\/\/cultura.sma.gob.ar\/wp-content\/uploads\/2020\/11\/Flyer-Beta-Brownie-300x300.jpg 300w, https:\/\/cultura.sma.gob.ar\/wp-content\/uploads\/2020\/11\/Flyer-Beta-Brownie-150x150.jpg 150w, https:\/\/cultura.sma.gob.ar\/wp-content\/uploads\/2020\/11\/Flyer-Beta-Brownie-768x768.jpg 768w, https:\/\/cultura.sma.gob.ar\/wp-content\/uploads\/2020\/11\/Flyer-Beta-Brownie-90x90.jpg 90w, https:\/\/cultura.sma.gob.ar\/wp-content\/uploads\/2020\/11\/Flyer-Beta-Brownie.jpg 1080w\" sizes=\"auto, (max-width: 1024px) 100vw, 1024px\" \/><\/figure>\n\n\n\n<p>El pr\u00f3ximo lunes, 09 de Noviembre a las 19:00hs, contin\u00faan las presentaciones del Ciclo \u201c<a href=\"https:\/\/correo.smandes.gov.ar\/owa\/redir.aspx?C=1fe1420651fb4147a54fe5510527ec83&amp;URL=https%3a%2f%2fwww.facebook.com%2fMuSa-Musiques-de-SMA-108453024340023\" target=\"_blank\" rel=\"noreferrer noopener\">Mu.Sa.<\/a>\u201d en nuestra sala. Via Streaming, a trav\u00e9s de Facebook Live, sin p\u00fablico presencial y bajo protocolo sanitario, disfrutaremos junto a BETA BROWNIE.<\/p>\n\n\n\n<p>Seguilos en sus redes:<br>Facebook:&nbsp;<a href=\"https:\/\/correo.smandes.gov.ar\/owa\/redir.aspx?C=1fe1420651fb4147a54fe5510527ec83&amp;URL=https%3a%2f%2fwww.facebook.com%2fbetabrownie\" target=\"_blank\" rel=\"noreferrer noopener\">https:\/\/www.facebook.com\/betabrownie<\/a><br>Instagram:&nbsp;<a href=\"https:\/\/correo.smandes.gov.ar\/owa\/redir.aspx?C=1fe1420651fb4147a54fe5510527ec83&amp;URL=https%3a%2f%2fwww.instagram.com%2fbetabrowniemusica%2f\" target=\"_blank\" rel=\"noreferrer noopener\">https:\/\/www.instagram.com\/betabrowniemusica\/<\/a><\/p>\n\n\n\n<p><strong><u>EL ESTILO \u201cBROWNIE\u201d<\/u><\/strong><br><em>\u201cBeta Brownie\u201d<\/em>&nbsp;es una banda de origen patag\u00f3nico, que combina estilos a la vez bailables, viajeros y psicod\u00e9licos. Con un sonido tanto ac\u00fastico como electr\u00f3nico, el proyecto fusiona dub, reggae, ska, disco y techno. Su show en vivo se destaca por ser tripero y en\u00e9rgico, con algunos pasajes instrumentales de alto vuelo y otras canciones cantadas de corte m\u00e1s bailable. La base de&nbsp;<em>Beta Brownie<\/em>&nbsp;es un potente combo de bater\u00eda, bajo, teclado y bases electr\u00f3nicas; a lo que se suman las voces y una mel\u00f3dica secci\u00f3n de vientos: trompeta, tromb\u00f3n y saxo. Bandas como Fat Freddy`s Drop, The Cat Empire y Panda Dub han sido influencias del proyecto.<\/p>\n\n\n\n<p><strong><u>BIO<\/u><\/strong><br>La banda nace en San Mart\u00edn de los Andes y tiene su debut oficial en el Festival El Primer Color a principios del 2017. Durante 2017 y 2018 hace presentaciones en el circuito sure\u00f1o, mientras encara la grabaci\u00f3n y producci\u00f3n de su primer \u00e1lbum, que es lanzado de manera independiente en enero de 2019. Durante el verano de 2019 hace una gira patag\u00f3nica (San Mart\u00edn de los Andes, Villa la Angostura, Bariloche, el Bols\u00f3n, Trevelin) que incluye una presentaci\u00f3n en el Festival Mucho Gustok compartiendo line up con Diego Frenkel y Kawell (Fran Lanfr\u00e9). La gira concluye en San Mart\u00edn con la presentaci\u00f3n oficial del disco ante m\u00e1s de 250 personas.<br>En noviembre de 2019 la banda hace una gira por Bs.As. y La Plata, tocando en Congo Club Cultural, El Quetzal, Guajira y La Confiter\u00eda, junto a la banda Kraneando Actividad. La gira concluye con el retorno a San Mart\u00edn de los Andes en una fecha junto a Nonpalidece. Luego de tocar con Nonpalidece, la banda hace una fecha junto a Militantes del Cl\u00edmax, a fines de 2019.<br>El verano 2020 comienza con otra fecha junto a Kraneando Actividad, esta vez en San Mart\u00edn de los Andes ante m\u00e1s de 250 personas y luego con una participaci\u00f3n en el Festival Mucho Gustok, compartiendo line up con Juana Molina, Lucy Patan\u00e9 y Cosmyte (Francia).<br>Luego la banda toca ante m\u00e1s de mil personas en la Fiesta de la Pinta en Bariloche, el show de cierre de ese festival estuvo a cargo de La Delio Valdez.<\/p>\n","protected":false},"excerpt":{"rendered":"<p>Lunes 9 a las 19hs por facebook Live <a href=\"https:\/\/cultura.sma.gob.ar\/?p=731\" class=\"more-link\">Continue reading <span class=\"screen-reader-text\">Beta Brownie en el ciclo Mu.Sa<\/span><\/a><\/p>\n","protected":false},"author":1,"featured_media":297,"comment_status":"closed","ping_status":"","sticky":false,"template":"","format":"image","meta":{"footnotes":""},"categories":[2],"tags":[],"class_list":["post-731","post","type-post","status-publish","format-image","has-post-thumbnail","hentry","category-ciudad-cultural","post_format-post-format-image"],"_links":{"self":[{"href":"https:\/\/cultura.sma.gob.ar\/index.php?rest_route=\/wp\/v2\/posts\/731","targetHints":{"allow":["GET"]}}],"collection":[{"href":"https:\/\/cultura.sma.gob.ar\/index.php?rest_route=\/wp\/v2\/posts"}],"about":[{"href":"https:\/\/cultura.sma.gob.ar\/index.php?rest_route=\/wp\/v2\/types\/post"}],"author":[{"embeddable":true,"href":"https:\/\/cultura.sma.gob.ar\/index.php?rest_route=\/wp\/v2\/users\/1"}],"replies":[{"embeddable":true,"href":"https:\/\/cultura.sma.gob.ar\/index.php?rest_route=%2Fwp%2Fv2%2Fcomments&post=731"}],"version-history":[{"count":1,"href":"https:\/\/cultura.sma.gob.ar\/index.php?rest_route=\/wp\/v2\/posts\/731\/revisions"}],"predecessor-version":[{"id":733,"href":"https:\/\/cultura.sma.gob.ar\/index.php?rest_route=\/wp\/v2\/posts\/731\/revisions\/733"}],"wp:featuredmedia":[{"embeddable":true,"href":"https:\/\/cultura.sma.gob.ar\/index.php?rest_route=\/wp\/v2\/media\/297"}],"wp:attachment":[{"href":"https:\/\/cultura.sma.gob.ar\/index.php?rest_route=%2Fwp%2Fv2%2Fmedia&parent=731"}],"wp:term":[{"taxonomy":"category","embeddable":true,"href":"https:\/\/cultura.sma.gob.ar\/index.php?rest_route=%2Fwp%2Fv2%2Fcategories&post=731"},{"taxonomy":"post_tag","embeddable":true,"href":"https:\/\/cultura.sma.gob.ar\/index.php?rest_route=%2Fwp%2Fv2%2Ftags&post=731"}],"curies":[{"name":"wp","href":"https:\/\/api.w.org\/{rel}","templated":true}]}}