{"id":727,"date":"2020-11-07T12:47:15","date_gmt":"2020-11-07T15:47:15","guid":{"rendered":"http:\/\/cultura.sma.gob.ar\/?p=727"},"modified":"2020-11-07T12:47:15","modified_gmt":"2020-11-07T15:47:15","slug":"un-zoompleanos-de-cuento-14-feria-regional-del-libro","status":"publish","type":"post","link":"https:\/\/cultura.sma.gob.ar\/?p=727","title":{"rendered":"Un Zoomplea\u00f1os de cuento &#8211; 14\u00b0 Feria Regional del Libro"},"content":{"rendered":"\n<figure class=\"wp-block-image size-large\"><img loading=\"lazy\" decoding=\"async\" width=\"1024\" height=\"1024\" src=\"http:\/\/cultura.sma.gob.ar\/wp-content\/uploads\/2020\/11\/2-Flyer-Oficial-FCE-1024x1024.png\" alt=\"\" class=\"wp-image-728\" srcset=\"https:\/\/cultura.sma.gob.ar\/wp-content\/uploads\/2020\/11\/2-Flyer-Oficial-FCE-1024x1024.png 1024w, https:\/\/cultura.sma.gob.ar\/wp-content\/uploads\/2020\/11\/2-Flyer-Oficial-FCE-300x300.png 300w, https:\/\/cultura.sma.gob.ar\/wp-content\/uploads\/2020\/11\/2-Flyer-Oficial-FCE-150x150.png 150w, https:\/\/cultura.sma.gob.ar\/wp-content\/uploads\/2020\/11\/2-Flyer-Oficial-FCE-768x768.png 768w, https:\/\/cultura.sma.gob.ar\/wp-content\/uploads\/2020\/11\/2-Flyer-Oficial-FCE-90x90.png 90w, https:\/\/cultura.sma.gob.ar\/wp-content\/uploads\/2020\/11\/2-Flyer-Oficial-FCE.png 1080w\" sizes=\"auto, (max-width: 1024px) 100vw, 1024px\" \/><\/figure>\n\n\n\n<p>Por <strong>Editorial Fondo de Cultura Econ\u00f3mica y Librer\u00eda Patalibro<\/strong><\/p>\n\n\n\n<p><strong>Taller de arte y literatura en vivo<\/strong><\/p>\n\n\n\n<ul class=\"wp-block-list\"><li>Martes 10 &#8211; 15hs &#8211; v\u00eda Zoom<\/li><\/ul>\n\n\n\n<p>La lectura de cuentos de calidad art\u00edstica y literaria (Regalo sorpresa, de Isol; El d\u00eda que los crayones renunciaron, de Oliver Jeffers; Qu\u00e9 le pasa a mi cabello, de Satoshi Kitamura; Ram\u00f3n Preocup\u00f3n, de Anthony Browne) es la ocasi\u00f3n para retomar las ideas que brindan los libros y de proponer a los asistentes la realizaci\u00f3n de sus creaciones: imaginar regalos y sue\u00f1os; decorar m\u00e1scaras, hacer quitapesares; ilustrar de un modo innovador.<\/p>\n\n\n\n<p>Invitamos a nuestros peque\u00f1os lectores y peque\u00f1as lectoras a nuestro zoomplea\u00f1os, que ser\u00e1 animado por la artista Betina Alperin.<\/p>\n\n\n\n<p>\u00a1Preparen hojas en blanco, sus fibras, l\u00e1pices, crayones, acuarelas, papeles, tijeras, pegamento\u2026 lo que tengan en casa, para de la mano de Betina y de los personajes de nuestros libros infantiles dar rienda suelta a la creatividad! <\/p>\n\n\n\n<p>Coordina esta celebraci\u00f3n de nuestro 75\u00b0 cumplea\u00f1os Lola Rubio, timonel de nuestra \u00e1rea de obras para ni\u00f1os y j\u00f3venes.<\/p>\n\n\n\n<p><strong>El taller ser\u00e1 realizado por:<\/strong><\/p>\n\n\n\n<p>Betina Alperin estuvo desde siempre vinculada a las artes pl\u00e1sticas y al mundo de la creaci\u00f3n. Su paso por la Escuela Nacional de Bellas Artes Prilidiano Pueyrred\u00f3n y la Escuela Nacional de Cer\u00e1mica sent\u00f3 las bases de un recorrido art\u00edstico en todas sus dimensiones, enriquecido luego con la exploraci\u00f3n de otros universos como la cer\u00e1mica y la cocina, donde vincul\u00f3 los aspectos est\u00e9ticos, exquisitos y refinados, de cada una de sus producciones y dise\u00f1os. La pasi\u00f3n por la mixtura de colores, formas y texturas conformaron su rumbo creativo como una artista integral, que logr\u00f3 explorar sus posibilidades sensoriales para llevarlas luego al terreno de la ense\u00f1anza. Se volc\u00f3 a la actividad pedag\u00f3gica en los distintos niveles educativos como docente de artes visuales, develando el mundo de la tecnolog\u00eda art\u00edstica e inaugurando nuevos rumbos de impensados descubrimientos junto con sus estudiantes.<br>Su curiosidad en constante expansi\u00f3n la acerc\u00f3 al mundo de la literatura infantil; pues ilustra y coordina eventos literarios para ni\u00f1os y ni\u00f1as.<\/p>\n\n\n\n<p>Lola Rubio. Presidenta de ALIJA (Asociaci\u00f3n de Literatura Infantil y Juvenil de la Argentina), pertenece a la secci\u00f3n nacional de IBBY desde 2008. Fue Jurado del Premio Internacional Hans Christian Andersen (IBBY) 2016 y 2018, y del Premio Barco de Vapor-SM 2019. Trabaja como bibliotecaria escolar desde hace 25 a\u00f1os; fue docente universitaria y es la responsable del \u00e1rea de libros para ni\u00f1os y j\u00f3venes de Fondo de Cultura Econ\u00f3mica de Argentina. Dise\u00f1\u00f3 la estrategia cultural del Centro Cultural Arnaldo Orfila Reynal, de la Librer\u00eda del Fondo, en<br>Buenos Aires. Dise\u00f1\u00f3 y dirigi\u00f3 la colecci\u00f3n Huellas, en R\u00edos de tinta, Tinta Fresca.<br>Diplomada en Narrativas de la Infancia y Juventud, Flacso (2018). Especialista Superior en LIJ egresada del Post\u00edtulo de CePA-GCBA (2010). Editora graduada de la FFyL-UBA (2003). Profesora Nacional de Pintura, egresada de la Escuela Nacional de Bellas Artes Prilidiano Pueyrred\u00f3n (1989). Promotora de LIJ, del Banco del Libro, de Venezuela (2007).<\/p>\n","protected":false},"excerpt":{"rendered":"<p>Actividad virtual <a href=\"https:\/\/cultura.sma.gob.ar\/?p=727\" class=\"more-link\">Continue reading <span class=\"screen-reader-text\">Un Zoomplea\u00f1os de cuento &#8211; 14\u00b0 Feria Regional del Libro<\/span><\/a><\/p>\n","protected":false},"author":1,"featured_media":296,"comment_status":"closed","ping_status":"","sticky":false,"template":"","format":"image","meta":{"footnotes":""},"categories":[3,9],"tags":[],"class_list":["post-727","post","type-post","status-publish","format-image","has-post-thumbnail","hentry","category-eventos-cultura","category-ultimas-noticias","post_format-post-format-image"],"_links":{"self":[{"href":"https:\/\/cultura.sma.gob.ar\/index.php?rest_route=\/wp\/v2\/posts\/727","targetHints":{"allow":["GET"]}}],"collection":[{"href":"https:\/\/cultura.sma.gob.ar\/index.php?rest_route=\/wp\/v2\/posts"}],"about":[{"href":"https:\/\/cultura.sma.gob.ar\/index.php?rest_route=\/wp\/v2\/types\/post"}],"author":[{"embeddable":true,"href":"https:\/\/cultura.sma.gob.ar\/index.php?rest_route=\/wp\/v2\/users\/1"}],"replies":[{"embeddable":true,"href":"https:\/\/cultura.sma.gob.ar\/index.php?rest_route=%2Fwp%2Fv2%2Fcomments&post=727"}],"version-history":[{"count":1,"href":"https:\/\/cultura.sma.gob.ar\/index.php?rest_route=\/wp\/v2\/posts\/727\/revisions"}],"predecessor-version":[{"id":729,"href":"https:\/\/cultura.sma.gob.ar\/index.php?rest_route=\/wp\/v2\/posts\/727\/revisions\/729"}],"wp:featuredmedia":[{"embeddable":true,"href":"https:\/\/cultura.sma.gob.ar\/index.php?rest_route=\/wp\/v2\/media\/296"}],"wp:attachment":[{"href":"https:\/\/cultura.sma.gob.ar\/index.php?rest_route=%2Fwp%2Fv2%2Fmedia&parent=727"}],"wp:term":[{"taxonomy":"category","embeddable":true,"href":"https:\/\/cultura.sma.gob.ar\/index.php?rest_route=%2Fwp%2Fv2%2Fcategories&post=727"},{"taxonomy":"post_tag","embeddable":true,"href":"https:\/\/cultura.sma.gob.ar\/index.php?rest_route=%2Fwp%2Fv2%2Ftags&post=727"}],"curies":[{"name":"wp","href":"https:\/\/api.w.org\/{rel}","templated":true}]}}