{"id":724,"date":"2020-11-07T12:40:27","date_gmt":"2020-11-07T15:40:27","guid":{"rendered":"http:\/\/cultura.sma.gob.ar\/?p=724"},"modified":"2020-11-07T12:40:27","modified_gmt":"2020-11-07T15:40:27","slug":"laura-olivo-14-feria-regional-del-libro","status":"publish","type":"post","link":"https:\/\/cultura.sma.gob.ar\/?p=724","title":{"rendered":"Laura Olivo &#8211; 14\u00b0 Feria Regional del Libro"},"content":{"rendered":"\n<figure class=\"wp-block-image size-large\"><img loading=\"lazy\" decoding=\"async\" width=\"1024\" height=\"1024\" src=\"http:\/\/cultura.sma.gob.ar\/wp-content\/uploads\/2020\/11\/1-Flyer-Oficial-Olivo-Laura-1024x1024.png\" alt=\"\" class=\"wp-image-725\" srcset=\"https:\/\/cultura.sma.gob.ar\/wp-content\/uploads\/2020\/11\/1-Flyer-Oficial-Olivo-Laura-1024x1024.png 1024w, https:\/\/cultura.sma.gob.ar\/wp-content\/uploads\/2020\/11\/1-Flyer-Oficial-Olivo-Laura-300x300.png 300w, https:\/\/cultura.sma.gob.ar\/wp-content\/uploads\/2020\/11\/1-Flyer-Oficial-Olivo-Laura-150x150.png 150w, https:\/\/cultura.sma.gob.ar\/wp-content\/uploads\/2020\/11\/1-Flyer-Oficial-Olivo-Laura-768x768.png 768w, https:\/\/cultura.sma.gob.ar\/wp-content\/uploads\/2020\/11\/1-Flyer-Oficial-Olivo-Laura-90x90.png 90w, https:\/\/cultura.sma.gob.ar\/wp-content\/uploads\/2020\/11\/1-Flyer-Oficial-Olivo-Laura.png 1080w\" sizes=\"auto, (max-width: 1024px) 100vw, 1024px\" \/><\/figure>\n\n\n\n<p>Por <strong>Editorial Morel y Libreria Patalibro<\/strong><\/p>\n\n\n\n<p>Presentaci\u00f3n del libro <strong>&#8220;Los astros que me habitan&#8221;<\/strong><\/p>\n\n\n\n<ul class=\"wp-block-list\"><li>Lunes 9 &#8211; 16:30hs &#8211; v\u00eda Zoom<\/li><\/ul>\n\n\n\n<p>Una mirada simple y sencilla de la astrolog\u00eda, para que puedas verte y reverte cuantas veces lo necesites. Para sembrar semillas de cambio o abrir conciencia. Puedes leerlo como lo sientas, de principio a fin o como libro de consulta de lo que te resuene o necesites de acuerdo al momento que transites.<\/p>\n\n\n\n<p>Nuestra intenci\u00f3n es que quien se encuentre con el libro pueda deconstruirse y volver a armarse. Que haga que el coraz\u00f3n lata m\u00e1s fuerte porque lograste entenderte, que se generen preguntas nuevas y, por qu\u00e9 no, dudas sobre la informaci\u00f3n.<\/p>\n\n\n\n<p><strong>Laura Olivo<\/strong> es escorpiana, con la luna en Leo y ascendente en Tauro. Naci\u00f3 en Quilmes, Provincia de Buenos Aires en 1978. En estos momentos vive en Los Hornillos, C\u00f3rdoba.<\/p>\n\n\n\n<p>Licenciada en Comercio Exterior desde el a\u00f1o 2002. En paralelo a su trabajo formal, en el a\u00f1o 2012 comenz\u00f3 a formarse con herramientas hol\u00edsticas como maestra de Reiki Usui, fitoterapeuta, doula, sacerdotisa andina y consteladora familiar. Es astr\u00f3loga y desde el a\u00f1o 2018 se dedica a impartir talleres de astrolog\u00eda y a acompa\u00f1ar procesos de sanaci\u00f3n.<\/p>\n\n\n\n<p>Se siente en comuni\u00f3n con la naturaleza, con la simpleza de la vida, con el entendimiento de las cosas y la confianza en el sentido de trascenderla. Ama la magia y el sincronismo que aparece cuando nos miramos, nos observamos, y conectamos con el pulsar interno que nos habita.<\/p>\n\n\n\n<p>Este es su primer libro y no cree que sea el \u00faltimo ya que encontr\u00f3 mucha belleza en escribir y lo vivenci\u00f3 de manera muy amorosa.<\/p>\n","protected":false},"excerpt":{"rendered":"<p>Actividad virtual <a href=\"https:\/\/cultura.sma.gob.ar\/?p=724\" class=\"more-link\">Continue reading <span class=\"screen-reader-text\">Laura Olivo &#8211; 14\u00b0 Feria Regional del Libro<\/span><\/a><\/p>\n","protected":false},"author":1,"featured_media":0,"comment_status":"closed","ping_status":"","sticky":false,"template":"","format":"image","meta":{"footnotes":""},"categories":[3,9],"tags":[],"class_list":["post-724","post","type-post","status-publish","format-image","hentry","category-eventos-cultura","category-ultimas-noticias","post_format-post-format-image"],"_links":{"self":[{"href":"https:\/\/cultura.sma.gob.ar\/index.php?rest_route=\/wp\/v2\/posts\/724","targetHints":{"allow":["GET"]}}],"collection":[{"href":"https:\/\/cultura.sma.gob.ar\/index.php?rest_route=\/wp\/v2\/posts"}],"about":[{"href":"https:\/\/cultura.sma.gob.ar\/index.php?rest_route=\/wp\/v2\/types\/post"}],"author":[{"embeddable":true,"href":"https:\/\/cultura.sma.gob.ar\/index.php?rest_route=\/wp\/v2\/users\/1"}],"replies":[{"embeddable":true,"href":"https:\/\/cultura.sma.gob.ar\/index.php?rest_route=%2Fwp%2Fv2%2Fcomments&post=724"}],"version-history":[{"count":1,"href":"https:\/\/cultura.sma.gob.ar\/index.php?rest_route=\/wp\/v2\/posts\/724\/revisions"}],"predecessor-version":[{"id":726,"href":"https:\/\/cultura.sma.gob.ar\/index.php?rest_route=\/wp\/v2\/posts\/724\/revisions\/726"}],"wp:attachment":[{"href":"https:\/\/cultura.sma.gob.ar\/index.php?rest_route=%2Fwp%2Fv2%2Fmedia&parent=724"}],"wp:term":[{"taxonomy":"category","embeddable":true,"href":"https:\/\/cultura.sma.gob.ar\/index.php?rest_route=%2Fwp%2Fv2%2Fcategories&post=724"},{"taxonomy":"post_tag","embeddable":true,"href":"https:\/\/cultura.sma.gob.ar\/index.php?rest_route=%2Fwp%2Fv2%2Ftags&post=724"}],"curies":[{"name":"wp","href":"https:\/\/api.w.org\/{rel}","templated":true}]}}