{"id":719,"date":"2020-11-07T11:18:30","date_gmt":"2020-11-07T14:18:30","guid":{"rendered":"http:\/\/cultura.sma.gob.ar\/?p=719"},"modified":"2020-11-07T11:18:30","modified_gmt":"2020-11-07T14:18:30","slug":"sur-realidades-14-feria-regional-del-libro","status":"publish","type":"post","link":"https:\/\/cultura.sma.gob.ar\/?p=719","title":{"rendered":"Sur Realidades &#8211; 14\u00b0 Feria Regional del Libro"},"content":{"rendered":"\n<figure class=\"wp-block-image size-large\"><img loading=\"lazy\" decoding=\"async\" width=\"777\" height=\"787\" src=\"http:\/\/cultura.sma.gob.ar\/wp-content\/uploads\/2020\/11\/IMG-20201107-WA0002.jpg\" alt=\"\" class=\"wp-image-720\" srcset=\"https:\/\/cultura.sma.gob.ar\/wp-content\/uploads\/2020\/11\/IMG-20201107-WA0002.jpg 777w, https:\/\/cultura.sma.gob.ar\/wp-content\/uploads\/2020\/11\/IMG-20201107-WA0002-296x300.jpg 296w, https:\/\/cultura.sma.gob.ar\/wp-content\/uploads\/2020\/11\/IMG-20201107-WA0002-768x778.jpg 768w, https:\/\/cultura.sma.gob.ar\/wp-content\/uploads\/2020\/11\/IMG-20201107-WA0002-89x90.jpg 89w\" sizes=\"auto, (max-width: 777px) 100vw, 777px\" \/><\/figure>\n\n\n\n<p><strong>Tamara Padr\u00f3n Abreu, Mat\u00edas Castro Sahilices, Diego Rodrigues Re\u00eds, Marcela Lucero.<\/strong><\/p>\n\n\n\n<p><br>Presentan SurRealidades\/ Revista del Instituto Superior de Formaci\u00f3n Docente<br>N\u00b0 3<\/p>\n\n\n\n<ul class=\"wp-block-list\"><li>S\u00e1bado 14- 18:00 hs &#8211; en Dublin<\/li><\/ul>\n\n\n\n<p><strong>Reserv\u00e1 tu lugar en el restaurante<\/strong><\/p>\n\n\n\n<p>Surrealidades es la revista literaria del ISFD N 3, que durante el 2020 tuvo que adaptarse al formato digital. El presente n\u00famero constituye una edici\u00f3n especial que explora, desde una narrativa coral, las posibilidades de un futuro dist\u00f3pico, no tan lejano a nuestro presente. Colaboran de esta edici\u00f3n de la revista: Nicol\u00e1s Coletto, Carolina L\u00f3pez, Camila Calderoni y otrxs.<\/p>\n","protected":false},"excerpt":{"rendered":"<p>Tamara Padr\u00f3n Abreu, Mat\u00edas Castro Sahilices, Diego Rodrigues Re\u00eds, Marcela Lucero. Presentan SurRealidades\/ Revista del Instituto Superior de Formaci\u00f3n DocenteN\u00b0 3 S\u00e1bado 14- 18:00 hs &#8211; en Dublin Reserv\u00e1 tu lugar en el restaurante Surrealidades es la revista literaria del ISFD N 3, que durante el 2020 tuvo que adaptarse al formato digital. El presente n\u00famero constituye una edici\u00f3n especial que explora, desde una narrativa &hellip; <a href=\"https:\/\/cultura.sma.gob.ar\/?p=719\" class=\"more-link\">Continue reading <span class=\"screen-reader-text\">Sur Realidades &#8211; 14\u00b0 Feria Regional del Libro<\/span><\/a><\/p>\n","protected":false},"author":1,"featured_media":296,"comment_status":"closed","ping_status":"","sticky":false,"template":"","format":"image","meta":{"footnotes":""},"categories":[3,9],"tags":[],"class_list":["post-719","post","type-post","status-publish","format-image","has-post-thumbnail","hentry","category-eventos-cultura","category-ultimas-noticias","post_format-post-format-image"],"_links":{"self":[{"href":"https:\/\/cultura.sma.gob.ar\/index.php?rest_route=\/wp\/v2\/posts\/719","targetHints":{"allow":["GET"]}}],"collection":[{"href":"https:\/\/cultura.sma.gob.ar\/index.php?rest_route=\/wp\/v2\/posts"}],"about":[{"href":"https:\/\/cultura.sma.gob.ar\/index.php?rest_route=\/wp\/v2\/types\/post"}],"author":[{"embeddable":true,"href":"https:\/\/cultura.sma.gob.ar\/index.php?rest_route=\/wp\/v2\/users\/1"}],"replies":[{"embeddable":true,"href":"https:\/\/cultura.sma.gob.ar\/index.php?rest_route=%2Fwp%2Fv2%2Fcomments&post=719"}],"version-history":[{"count":1,"href":"https:\/\/cultura.sma.gob.ar\/index.php?rest_route=\/wp\/v2\/posts\/719\/revisions"}],"predecessor-version":[{"id":721,"href":"https:\/\/cultura.sma.gob.ar\/index.php?rest_route=\/wp\/v2\/posts\/719\/revisions\/721"}],"wp:featuredmedia":[{"embeddable":true,"href":"https:\/\/cultura.sma.gob.ar\/index.php?rest_route=\/wp\/v2\/media\/296"}],"wp:attachment":[{"href":"https:\/\/cultura.sma.gob.ar\/index.php?rest_route=%2Fwp%2Fv2%2Fmedia&parent=719"}],"wp:term":[{"taxonomy":"category","embeddable":true,"href":"https:\/\/cultura.sma.gob.ar\/index.php?rest_route=%2Fwp%2Fv2%2Fcategories&post=719"},{"taxonomy":"post_tag","embeddable":true,"href":"https:\/\/cultura.sma.gob.ar\/index.php?rest_route=%2Fwp%2Fv2%2Ftags&post=719"}],"curies":[{"name":"wp","href":"https:\/\/api.w.org\/{rel}","templated":true}]}}