{"id":716,"date":"2020-11-07T11:07:12","date_gmt":"2020-11-07T14:07:12","guid":{"rendered":"http:\/\/cultura.sma.gob.ar\/?p=716"},"modified":"2020-12-09T13:48:23","modified_gmt":"2020-12-09T16:48:23","slug":"contrato-con-el-frio-y-otras-historias-de-montana-presentacion-del-centro-editor-municipal-14-feria-regional-del-libro","status":"publish","type":"post","link":"https:\/\/cultura.sma.gob.ar\/?p=716","title":{"rendered":"Contrato con el fr\u00edo y otras historias de monta\u00f1a: presentaci\u00f3n del Centro Editor Municipal &#8211; 14\u00b0 Feria Regional del Libro"},"content":{"rendered":"\n<figure class=\"wp-block-image size-large\"><img loading=\"lazy\" decoding=\"async\" width=\"1024\" height=\"1024\" src=\"http:\/\/cultura.sma.gob.ar\/wp-content\/uploads\/2020\/12\/calendario-fdl-12-1-1024x1024.jpg\" alt=\"\" class=\"wp-image-857\" srcset=\"https:\/\/cultura.sma.gob.ar\/wp-content\/uploads\/2020\/12\/calendario-fdl-12-1-1024x1024.jpg 1024w, https:\/\/cultura.sma.gob.ar\/wp-content\/uploads\/2020\/12\/calendario-fdl-12-1-300x300.jpg 300w, https:\/\/cultura.sma.gob.ar\/wp-content\/uploads\/2020\/12\/calendario-fdl-12-1-150x150.jpg 150w, https:\/\/cultura.sma.gob.ar\/wp-content\/uploads\/2020\/12\/calendario-fdl-12-1-768x768.jpg 768w, https:\/\/cultura.sma.gob.ar\/wp-content\/uploads\/2020\/12\/calendario-fdl-12-1-1536x1536.jpg 1536w, https:\/\/cultura.sma.gob.ar\/wp-content\/uploads\/2020\/12\/calendario-fdl-12-1-90x90.jpg 90w, https:\/\/cultura.sma.gob.ar\/wp-content\/uploads\/2020\/12\/calendario-fdl-12-1.jpg 1875w\" sizes=\"auto, (max-width: 1024px) 100vw, 1024px\" \/><\/figure>\n\n\n\n<p>Por Secretar\u00eda de Cultura y Centro Editor Municipal<\/p>\n\n\n\n<p>Presentaci\u00f3n del libro &#8220;Contrato con el fr\u00edo y otras historias de monta\u00f1a&#8221;<\/p>\n\n\n\n<ul class=\"wp-block-list\"><li>S\u00e1bado 12 de diciembre &#8211; 20hs &#8211; En Piccolo<\/li><\/ul>\n\n\n\n<p><strong>Reserva tu lugar en la Secretar\u00eda de Cultura<\/strong><\/p>\n\n\n\n<p>El Centro Editor Municipal presenta el libro que es resultado del concurso literario  &#8220;Cuentan las monta\u00f1as&#8221;, en el cual se recopilan los relatos de los 3 ganadores y las 7 menciones.  <\/p>\n","protected":false},"excerpt":{"rendered":"<p>Actividad presencial <a href=\"https:\/\/cultura.sma.gob.ar\/?p=716\" class=\"more-link\">Continue reading <span class=\"screen-reader-text\">Contrato con el fr\u00edo y otras historias de monta\u00f1a: presentaci\u00f3n del Centro Editor Municipal &#8211; 14\u00b0 Feria Regional del Libro<\/span><\/a><\/p>\n","protected":false},"author":1,"featured_media":296,"comment_status":"closed","ping_status":"","sticky":false,"template":"","format":"image","meta":{"footnotes":""},"categories":[3,9],"tags":[],"class_list":["post-716","post","type-post","status-publish","format-image","has-post-thumbnail","hentry","category-eventos-cultura","category-ultimas-noticias","post_format-post-format-image"],"_links":{"self":[{"href":"https:\/\/cultura.sma.gob.ar\/index.php?rest_route=\/wp\/v2\/posts\/716","targetHints":{"allow":["GET"]}}],"collection":[{"href":"https:\/\/cultura.sma.gob.ar\/index.php?rest_route=\/wp\/v2\/posts"}],"about":[{"href":"https:\/\/cultura.sma.gob.ar\/index.php?rest_route=\/wp\/v2\/types\/post"}],"author":[{"embeddable":true,"href":"https:\/\/cultura.sma.gob.ar\/index.php?rest_route=\/wp\/v2\/users\/1"}],"replies":[{"embeddable":true,"href":"https:\/\/cultura.sma.gob.ar\/index.php?rest_route=%2Fwp%2Fv2%2Fcomments&post=716"}],"version-history":[{"count":2,"href":"https:\/\/cultura.sma.gob.ar\/index.php?rest_route=\/wp\/v2\/posts\/716\/revisions"}],"predecessor-version":[{"id":874,"href":"https:\/\/cultura.sma.gob.ar\/index.php?rest_route=\/wp\/v2\/posts\/716\/revisions\/874"}],"wp:featuredmedia":[{"embeddable":true,"href":"https:\/\/cultura.sma.gob.ar\/index.php?rest_route=\/wp\/v2\/media\/296"}],"wp:attachment":[{"href":"https:\/\/cultura.sma.gob.ar\/index.php?rest_route=%2Fwp%2Fv2%2Fmedia&parent=716"}],"wp:term":[{"taxonomy":"category","embeddable":true,"href":"https:\/\/cultura.sma.gob.ar\/index.php?rest_route=%2Fwp%2Fv2%2Fcategories&post=716"},{"taxonomy":"post_tag","embeddable":true,"href":"https:\/\/cultura.sma.gob.ar\/index.php?rest_route=%2Fwp%2Fv2%2Ftags&post=716"}],"curies":[{"name":"wp","href":"https:\/\/api.w.org\/{rel}","templated":true}]}}