{"id":713,"date":"2020-11-07T00:07:05","date_gmt":"2020-11-07T03:07:05","guid":{"rendered":"http:\/\/cultura.sma.gob.ar\/?p=713"},"modified":"2020-11-12T09:17:48","modified_gmt":"2020-11-12T12:17:48","slug":"presentaciones-presenciales-14-feria-regional-del-libro","status":"publish","type":"post","link":"https:\/\/cultura.sma.gob.ar\/?p=713","title":{"rendered":"Presentaciones presenciales &#8211; 14\u00b0 Feria Regional del Libro"},"content":{"rendered":"\n\n\n<p>Para asistir a cualquiera de las siguientes presentaciones, debe reservar previamente en el establecimiento gastron\u00f3mico en el cual se llevar\u00e1 a cabo la actividad.<\/p>\n\n\n\n<ul class=\"wp-block-list\"><li><a href=\"http:\/\/cultura.sma.gob.ar\/2020\/11\/06\/673\/\" data-type=\"post\" data-id=\"673\">Ana Maria de Mena<\/a><\/li><li><a href=\"http:\/\/cultura.sma.gob.ar\/2020\/11\/06\/carlos-abadie-14-feria-regional-del-libro\/\" data-type=\"post\" data-id=\"707\">Carlos Abadie<\/a><\/li><li><a href=\"http:\/\/cultura.sma.gob.ar\/2020\/11\/06\/editorial-cordillera-rebelde-14-feria-regional-del-libro\/\" data-type=\"post\" data-id=\"680\">Editorial Cordillera Rebelde<\/a><\/li><li><a href=\"http:\/\/cultura.sma.gob.ar\/2020\/11\/06\/eripia-agenda-para-escribir-y-promover-la-escritura-14feria-regional-del-libro\/\" data-type=\"post\" data-id=\"683\">Eripia &#8211; Agenda perpetua<\/a><\/li><li><a href=\"http:\/\/cultura.sma.gob.ar\/2020\/11\/06\/facundo-vasquez-herrera-14-feria-regional-del-libro\/\" data-type=\"post\" data-id=\"686\">Facundo Vasquez Herrera<\/a><\/li><li><a href=\"http:\/\/cultura.sma.gob.ar\/2020\/11\/06\/fuego-libre-14feria-regional-del-libro\/\" data-type=\"post\" data-id=\"698\">Fuego Libre<\/a><\/li><li><a href=\"http:\/\/cultura.sma.gob.ar\/2020\/11\/06\/liliana-musso-14-feria-regional-del-libro\/\" data-type=\"post\" data-id=\"676\">Liliana Musso<\/a><\/li><li><a href=\"http:\/\/cultura.sma.gob.ar\/2020\/11\/06\/maiten-canicul-14-feria-regional-del-libro\/\" data-type=\"post\" data-id=\"689\">Maiten Ca\u00f1icul<\/a><\/li><li><a href=\"http:\/\/cultura.sma.gob.ar\/2020\/11\/06\/microrrelatos-y-poesias-14-feria-regional-del-libro\/\" data-type=\"post\" data-id=\"704\">Microrrelatos y poes\u00eda<\/a><\/li><li><a href=\"http:\/\/cultura.sma.gob.ar\/2020\/11\/06\/la-situacion-del-mapuzugun-y-su-revitalizacion-14-feria-regional-del-libro\/\" data-type=\"post\" data-id=\"701\">Situaci\u00f3n del Mapuzugun y su revitalizaci\u00f3n<\/a><\/li><li><a href=\"http:\/\/cultura.sma.gob.ar\/2020\/11\/07\/sur-realidades-14-feria-regional-del-libro\/\" data-type=\"post\" data-id=\"719\">Sur Realidades &#8211; Revista literaria ISFD N3<\/a><\/li><li><a href=\"http:\/\/cultura.sma.gob.ar\/2020\/11\/06\/rafael-urretabizkaya-14-feria-regional-del-libro\/\" data-type=\"post\" data-id=\"695\">Rafa\u00e9l Urretabizcaya<\/a><\/li><li><a href=\"http:\/\/cultura.sma.gob.ar\/2020\/11\/06\/tradicion-a-dos-tonos-14-feria-regional-del-libro\/\" data-type=\"post\" data-id=\"710\">Tradici\u00f3n a dos tono<\/a>s<\/li><\/ul>\n\n\n\n<p><\/p>\n","protected":false},"excerpt":{"rendered":"<p>Para asistir a cualquiera de las siguientes presentaciones, debe reservar previamente en el establecimiento gastron\u00f3mico en el cual se llevar\u00e1 a cabo la actividad. Ana Maria de Mena Carlos Abadie Editorial Cordillera Rebelde Eripia &#8211; Agenda perpetua Facundo Vasquez Herrera Fuego Libre Liliana Musso Maiten Ca\u00f1icul Microrrelatos y poes\u00eda Situaci\u00f3n del Mapuzugun y su revitalizaci\u00f3n Sur Realidades &#8211; Revista literaria ISFD N3 Rafa\u00e9l Urretabizcaya Tradici\u00f3n &hellip; <a href=\"https:\/\/cultura.sma.gob.ar\/?p=713\" class=\"more-link\">Continue reading <span class=\"screen-reader-text\">Presentaciones presenciales &#8211; 14\u00b0 Feria Regional del Libro<\/span><\/a><\/p>\n","protected":false},"author":1,"featured_media":296,"comment_status":"closed","ping_status":"","sticky":false,"template":"","format":"image","meta":{"footnotes":""},"categories":[3,9],"tags":[],"class_list":["post-713","post","type-post","status-publish","format-image","has-post-thumbnail","hentry","category-eventos-cultura","category-ultimas-noticias","post_format-post-format-image"],"_links":{"self":[{"href":"https:\/\/cultura.sma.gob.ar\/index.php?rest_route=\/wp\/v2\/posts\/713","targetHints":{"allow":["GET"]}}],"collection":[{"href":"https:\/\/cultura.sma.gob.ar\/index.php?rest_route=\/wp\/v2\/posts"}],"about":[{"href":"https:\/\/cultura.sma.gob.ar\/index.php?rest_route=\/wp\/v2\/types\/post"}],"author":[{"embeddable":true,"href":"https:\/\/cultura.sma.gob.ar\/index.php?rest_route=\/wp\/v2\/users\/1"}],"replies":[{"embeddable":true,"href":"https:\/\/cultura.sma.gob.ar\/index.php?rest_route=%2Fwp%2Fv2%2Fcomments&post=713"}],"version-history":[{"count":3,"href":"https:\/\/cultura.sma.gob.ar\/index.php?rest_route=\/wp\/v2\/posts\/713\/revisions"}],"predecessor-version":[{"id":772,"href":"https:\/\/cultura.sma.gob.ar\/index.php?rest_route=\/wp\/v2\/posts\/713\/revisions\/772"}],"wp:featuredmedia":[{"embeddable":true,"href":"https:\/\/cultura.sma.gob.ar\/index.php?rest_route=\/wp\/v2\/media\/296"}],"wp:attachment":[{"href":"https:\/\/cultura.sma.gob.ar\/index.php?rest_route=%2Fwp%2Fv2%2Fmedia&parent=713"}],"wp:term":[{"taxonomy":"category","embeddable":true,"href":"https:\/\/cultura.sma.gob.ar\/index.php?rest_route=%2Fwp%2Fv2%2Fcategories&post=713"},{"taxonomy":"post_tag","embeddable":true,"href":"https:\/\/cultura.sma.gob.ar\/index.php?rest_route=%2Fwp%2Fv2%2Ftags&post=713"}],"curies":[{"name":"wp","href":"https:\/\/api.w.org\/{rel}","templated":true}]}}