{"id":710,"date":"2020-11-06T23:50:59","date_gmt":"2020-11-07T02:50:59","guid":{"rendered":"http:\/\/cultura.sma.gob.ar\/?p=710"},"modified":"2020-11-06T23:50:59","modified_gmt":"2020-11-07T02:50:59","slug":"tradicion-a-dos-tonos-14-feria-regional-del-libro","status":"publish","type":"post","link":"https:\/\/cultura.sma.gob.ar\/?p=710","title":{"rendered":"Tradici\u00f3n a dos tonos &#8211; 14\u00b0 Feria Regional del Libro"},"content":{"rendered":"\n<figure class=\"wp-block-image size-large\"><img loading=\"lazy\" decoding=\"async\" width=\"779\" height=\"781\" src=\"http:\/\/cultura.sma.gob.ar\/wp-content\/uploads\/2020\/11\/MARTIN-FIERRO.png\" alt=\"\" class=\"wp-image-711\" srcset=\"https:\/\/cultura.sma.gob.ar\/wp-content\/uploads\/2020\/11\/MARTIN-FIERRO.png 779w, https:\/\/cultura.sma.gob.ar\/wp-content\/uploads\/2020\/11\/MARTIN-FIERRO-300x300.png 300w, https:\/\/cultura.sma.gob.ar\/wp-content\/uploads\/2020\/11\/MARTIN-FIERRO-150x150.png 150w, https:\/\/cultura.sma.gob.ar\/wp-content\/uploads\/2020\/11\/MARTIN-FIERRO-768x770.png 768w, https:\/\/cultura.sma.gob.ar\/wp-content\/uploads\/2020\/11\/MARTIN-FIERRO-90x90.png 90w\" sizes=\"auto, (max-width: 779px) 100vw, 779px\" \/><\/figure>\n\n\n\n<p><strong>\u201cTradici\u00f3n a dos tonos\u201d- Charla sobre el Mart\u00edn Fierro y g\u00e9nero gauchesco<\/strong><\/p>\n\n\n\n<p>Por Luciana Manes y Mara Matteucci<\/p>\n\n\n\n<p>Martes 10- 20:15 hs<\/p>\n\n\n\n<p>En La Costa del Pueblo&nbsp;<\/p>\n\n\n\n<p>Reserv\u00e1 tu lugar en el restaurante<\/p>\n\n\n\n<p>Luciana Manes y Mara Matteucchi har\u00e1n un breve an\u00e1lisis sobre el car\u00e1cter particular del g\u00e9nero y sus voces, y sobre su manera de fundar una tradici\u00f3n, tensionando fuerzas po\u00e9ticas y pol\u00edticas, letradas y populares.<\/p>\n\n\n\n<p><strong>Mara Matteucci.<\/strong> Nacida en Capit\u00e1n Berm\u00fadez, vive hoy en San Mart\u00edn de los Andes. Es Profesora en Letras por la Universidad Nacional de Rosario y ejerce como docente en el ISFD N\u00b0 3 de San Mart\u00edn De los Andes y en el ISFD N\u00b0 8 de Jun\u00edn de los Andes.\u00a0<\/p>\n\n\n\n<p><strong>Luciana Manes.<\/strong> Nacida en Rosario. Profesora de Lengua y Literatura (IES N\u00ba28 &#8220;Olga Cossettini&#8221;). Docente de las c\u00e1tedras Literatura Argentina I y II en el ISFD N\u00ba 3 de San Mart\u00edn de los Andes.<\/p>\n","protected":false},"excerpt":{"rendered":"<p>Actividad presencial <a href=\"https:\/\/cultura.sma.gob.ar\/?p=710\" class=\"more-link\">Continue reading <span class=\"screen-reader-text\">Tradici\u00f3n a dos tonos &#8211; 14\u00b0 Feria Regional del Libro<\/span><\/a><\/p>\n","protected":false},"author":1,"featured_media":296,"comment_status":"closed","ping_status":"","sticky":false,"template":"","format":"image","meta":{"footnotes":""},"categories":[3,9],"tags":[],"class_list":["post-710","post","type-post","status-publish","format-image","has-post-thumbnail","hentry","category-eventos-cultura","category-ultimas-noticias","post_format-post-format-image"],"_links":{"self":[{"href":"https:\/\/cultura.sma.gob.ar\/index.php?rest_route=\/wp\/v2\/posts\/710","targetHints":{"allow":["GET"]}}],"collection":[{"href":"https:\/\/cultura.sma.gob.ar\/index.php?rest_route=\/wp\/v2\/posts"}],"about":[{"href":"https:\/\/cultura.sma.gob.ar\/index.php?rest_route=\/wp\/v2\/types\/post"}],"author":[{"embeddable":true,"href":"https:\/\/cultura.sma.gob.ar\/index.php?rest_route=\/wp\/v2\/users\/1"}],"replies":[{"embeddable":true,"href":"https:\/\/cultura.sma.gob.ar\/index.php?rest_route=%2Fwp%2Fv2%2Fcomments&post=710"}],"version-history":[{"count":1,"href":"https:\/\/cultura.sma.gob.ar\/index.php?rest_route=\/wp\/v2\/posts\/710\/revisions"}],"predecessor-version":[{"id":712,"href":"https:\/\/cultura.sma.gob.ar\/index.php?rest_route=\/wp\/v2\/posts\/710\/revisions\/712"}],"wp:featuredmedia":[{"embeddable":true,"href":"https:\/\/cultura.sma.gob.ar\/index.php?rest_route=\/wp\/v2\/media\/296"}],"wp:attachment":[{"href":"https:\/\/cultura.sma.gob.ar\/index.php?rest_route=%2Fwp%2Fv2%2Fmedia&parent=710"}],"wp:term":[{"taxonomy":"category","embeddable":true,"href":"https:\/\/cultura.sma.gob.ar\/index.php?rest_route=%2Fwp%2Fv2%2Fcategories&post=710"},{"taxonomy":"post_tag","embeddable":true,"href":"https:\/\/cultura.sma.gob.ar\/index.php?rest_route=%2Fwp%2Fv2%2Ftags&post=710"}],"curies":[{"name":"wp","href":"https:\/\/api.w.org\/{rel}","templated":true}]}}