{"id":707,"date":"2020-11-06T23:47:06","date_gmt":"2020-11-07T02:47:06","guid":{"rendered":"http:\/\/cultura.sma.gob.ar\/?p=707"},"modified":"2020-11-06T23:47:06","modified_gmt":"2020-11-07T02:47:06","slug":"carlos-abadie-14-feria-regional-del-libro","status":"publish","type":"post","link":"https:\/\/cultura.sma.gob.ar\/?p=707","title":{"rendered":"Carlos Abadie &#8211; 14\u00b0 feria Regional del Libro"},"content":{"rendered":"\n<figure class=\"wp-block-image size-large\"><img loading=\"lazy\" decoding=\"async\" width=\"787\" height=\"785\" src=\"http:\/\/cultura.sma.gob.ar\/wp-content\/uploads\/2020\/11\/abadie.png\" alt=\"\" class=\"wp-image-708\" srcset=\"https:\/\/cultura.sma.gob.ar\/wp-content\/uploads\/2020\/11\/abadie.png 787w, https:\/\/cultura.sma.gob.ar\/wp-content\/uploads\/2020\/11\/abadie-300x300.png 300w, https:\/\/cultura.sma.gob.ar\/wp-content\/uploads\/2020\/11\/abadie-150x150.png 150w, https:\/\/cultura.sma.gob.ar\/wp-content\/uploads\/2020\/11\/abadie-768x766.png 768w, https:\/\/cultura.sma.gob.ar\/wp-content\/uploads\/2020\/11\/abadie-90x90.png 90w\" sizes=\"auto, (max-width: 787px) 100vw, 787px\" \/><\/figure>\n\n\n\n<p><strong>Carlos Abadie<\/strong><\/p>\n\n\n\n<p>Presenta \u201cCuentos rodados\u201d, nueva edici\u00f3n ampliada<\/p>\n\n\n\n<p>Martes 10- 18:00 hs &#8211; en Dublin<\/p>\n\n\n\n<p><strong>Reserv\u00e1 tu lugar en el restaurante<\/strong><\/p>\n\n\n\n<p>Carlos Abadie es ingeniero agr\u00f3nomo recibido en UBA y vive en la Patagonia desde 1968. Fue consultor profesional en HIDRONOR, Consejo Federal de Inversiones y Consejo de Planificaci\u00f3n del Neuqu\u00e9n. Su libro Cuentos rodados es su primera obra literaria, donde alude a varias de sus vivencias patag\u00f3nicas. Esta es una nueva edici\u00f3n ampliada.\u00a0<\/p>\n","protected":false},"excerpt":{"rendered":"<p>Carlos Abadie Presenta \u201cCuentos rodados\u201d, nueva edici\u00f3n ampliada Martes 10- 18:00 hs &#8211; en Dublin Reserv\u00e1 tu lugar en el restaurante Carlos Abadie es ingeniero agr\u00f3nomo recibido en UBA y vive en la Patagonia desde 1968. Fue consultor profesional en HIDRONOR, Consejo Federal de Inversiones y Consejo de Planificaci\u00f3n del Neuqu\u00e9n. Su libro Cuentos rodados es su primera obra literaria, donde alude a varias de &hellip; <a href=\"https:\/\/cultura.sma.gob.ar\/?p=707\" class=\"more-link\">Continue reading <span class=\"screen-reader-text\">Carlos Abadie &#8211; 14\u00b0 feria Regional del Libro<\/span><\/a><\/p>\n","protected":false},"author":1,"featured_media":296,"comment_status":"closed","ping_status":"","sticky":false,"template":"","format":"image","meta":{"footnotes":""},"categories":[3,9],"tags":[],"class_list":["post-707","post","type-post","status-publish","format-image","has-post-thumbnail","hentry","category-eventos-cultura","category-ultimas-noticias","post_format-post-format-image"],"_links":{"self":[{"href":"https:\/\/cultura.sma.gob.ar\/index.php?rest_route=\/wp\/v2\/posts\/707","targetHints":{"allow":["GET"]}}],"collection":[{"href":"https:\/\/cultura.sma.gob.ar\/index.php?rest_route=\/wp\/v2\/posts"}],"about":[{"href":"https:\/\/cultura.sma.gob.ar\/index.php?rest_route=\/wp\/v2\/types\/post"}],"author":[{"embeddable":true,"href":"https:\/\/cultura.sma.gob.ar\/index.php?rest_route=\/wp\/v2\/users\/1"}],"replies":[{"embeddable":true,"href":"https:\/\/cultura.sma.gob.ar\/index.php?rest_route=%2Fwp%2Fv2%2Fcomments&post=707"}],"version-history":[{"count":1,"href":"https:\/\/cultura.sma.gob.ar\/index.php?rest_route=\/wp\/v2\/posts\/707\/revisions"}],"predecessor-version":[{"id":709,"href":"https:\/\/cultura.sma.gob.ar\/index.php?rest_route=\/wp\/v2\/posts\/707\/revisions\/709"}],"wp:featuredmedia":[{"embeddable":true,"href":"https:\/\/cultura.sma.gob.ar\/index.php?rest_route=\/wp\/v2\/media\/296"}],"wp:attachment":[{"href":"https:\/\/cultura.sma.gob.ar\/index.php?rest_route=%2Fwp%2Fv2%2Fmedia&parent=707"}],"wp:term":[{"taxonomy":"category","embeddable":true,"href":"https:\/\/cultura.sma.gob.ar\/index.php?rest_route=%2Fwp%2Fv2%2Fcategories&post=707"},{"taxonomy":"post_tag","embeddable":true,"href":"https:\/\/cultura.sma.gob.ar\/index.php?rest_route=%2Fwp%2Fv2%2Ftags&post=707"}],"curies":[{"name":"wp","href":"https:\/\/api.w.org\/{rel}","templated":true}]}}