{"id":701,"date":"2020-11-06T23:32:48","date_gmt":"2020-11-07T02:32:48","guid":{"rendered":"http:\/\/cultura.sma.gob.ar\/?p=701"},"modified":"2020-11-06T23:32:48","modified_gmt":"2020-11-07T02:32:48","slug":"la-situacion-del-mapuzugun-y-su-revitalizacion-14-feria-regional-del-libro","status":"publish","type":"post","link":"https:\/\/cultura.sma.gob.ar\/?p=701","title":{"rendered":"La situaci\u00f3n del mapuzugun y su revitalizaci\u00f3n &#8211; 14\u00b0 Feria Regional del Libro"},"content":{"rendered":"\n<figure class=\"wp-block-image size-large\"><img loading=\"lazy\" decoding=\"async\" width=\"751\" height=\"753\" src=\"http:\/\/cultura.sma.gob.ar\/wp-content\/uploads\/2020\/11\/charla-mapuche.png\" alt=\"\" class=\"wp-image-702\" srcset=\"https:\/\/cultura.sma.gob.ar\/wp-content\/uploads\/2020\/11\/charla-mapuche.png 751w, https:\/\/cultura.sma.gob.ar\/wp-content\/uploads\/2020\/11\/charla-mapuche-300x300.png 300w, https:\/\/cultura.sma.gob.ar\/wp-content\/uploads\/2020\/11\/charla-mapuche-150x150.png 150w, https:\/\/cultura.sma.gob.ar\/wp-content\/uploads\/2020\/11\/charla-mapuche-90x90.png 90w\" sizes=\"auto, (max-width: 751px) 100vw, 751px\" \/><\/figure>\n\n\n\n<p><strong>Txafk\u00fclei\u00f1 \u00d1i K\u00fczau W\u00fctxampantun. La Revitalizaci\u00f3n del Mapuzugun<\/strong>.<\/p>\n\n\n\n<p>Por Ail\u00e9n Quilaleo, Fernando Curruhuinca, Andrea Painefilu y Mauricio Cifuentes<\/p>\n\n\n\n<ul class=\"wp-block-list\"><li>Miercoles 11- 18:45 hs &#8211; En Piccolo<\/li><\/ul>\n\n\n\n<p><strong>Reserv\u00e1 tu lugar en el restaurante<\/strong><\/p>\n\n\n\n<p>Ail\u00e9n Quilaleo, Fernando Curruhuinca, Andrea Painefilu y Mauricio Cifuentes hablar\u00e1n de la situaci\u00f3n del mapuzugun y trabajo de revitalizaci\u00f3n a cargo de j\u00f3venes mapuche que se est\u00e1 realizando. La actividad est\u00e1 coordina por Iris Romero.&nbsp;<\/p>\n","protected":false},"excerpt":{"rendered":"<p>Actividad presencial <a href=\"https:\/\/cultura.sma.gob.ar\/?p=701\" class=\"more-link\">Continue reading <span class=\"screen-reader-text\">La situaci\u00f3n del mapuzugun y su revitalizaci\u00f3n &#8211; 14\u00b0 Feria Regional del Libro<\/span><\/a><\/p>\n","protected":false},"author":1,"featured_media":296,"comment_status":"closed","ping_status":"","sticky":false,"template":"","format":"image","meta":{"footnotes":""},"categories":[3,9],"tags":[],"class_list":["post-701","post","type-post","status-publish","format-image","has-post-thumbnail","hentry","category-eventos-cultura","category-ultimas-noticias","post_format-post-format-image"],"_links":{"self":[{"href":"https:\/\/cultura.sma.gob.ar\/index.php?rest_route=\/wp\/v2\/posts\/701","targetHints":{"allow":["GET"]}}],"collection":[{"href":"https:\/\/cultura.sma.gob.ar\/index.php?rest_route=\/wp\/v2\/posts"}],"about":[{"href":"https:\/\/cultura.sma.gob.ar\/index.php?rest_route=\/wp\/v2\/types\/post"}],"author":[{"embeddable":true,"href":"https:\/\/cultura.sma.gob.ar\/index.php?rest_route=\/wp\/v2\/users\/1"}],"replies":[{"embeddable":true,"href":"https:\/\/cultura.sma.gob.ar\/index.php?rest_route=%2Fwp%2Fv2%2Fcomments&post=701"}],"version-history":[{"count":1,"href":"https:\/\/cultura.sma.gob.ar\/index.php?rest_route=\/wp\/v2\/posts\/701\/revisions"}],"predecessor-version":[{"id":703,"href":"https:\/\/cultura.sma.gob.ar\/index.php?rest_route=\/wp\/v2\/posts\/701\/revisions\/703"}],"wp:featuredmedia":[{"embeddable":true,"href":"https:\/\/cultura.sma.gob.ar\/index.php?rest_route=\/wp\/v2\/media\/296"}],"wp:attachment":[{"href":"https:\/\/cultura.sma.gob.ar\/index.php?rest_route=%2Fwp%2Fv2%2Fmedia&parent=701"}],"wp:term":[{"taxonomy":"category","embeddable":true,"href":"https:\/\/cultura.sma.gob.ar\/index.php?rest_route=%2Fwp%2Fv2%2Fcategories&post=701"},{"taxonomy":"post_tag","embeddable":true,"href":"https:\/\/cultura.sma.gob.ar\/index.php?rest_route=%2Fwp%2Fv2%2Ftags&post=701"}],"curies":[{"name":"wp","href":"https:\/\/api.w.org\/{rel}","templated":true}]}}