{"id":698,"date":"2020-11-06T23:28:55","date_gmt":"2020-11-07T02:28:55","guid":{"rendered":"http:\/\/cultura.sma.gob.ar\/?p=698"},"modified":"2020-12-09T13:44:13","modified_gmt":"2020-12-09T16:44:13","slug":"fuego-libre-14feria-regional-del-libro","status":"publish","type":"post","link":"https:\/\/cultura.sma.gob.ar\/?p=698","title":{"rendered":"Fuego Libre &#8211; 14\u00b0Feria Regional del Libro"},"content":{"rendered":"\n<figure class=\"wp-block-image size-large\"><img loading=\"lazy\" decoding=\"async\" width=\"787\" height=\"787\" src=\"http:\/\/cultura.sma.gob.ar\/wp-content\/uploads\/2020\/12\/Taller-_Relato-Fotografico_-19.png\" alt=\"\" class=\"wp-image-858\" srcset=\"https:\/\/cultura.sma.gob.ar\/wp-content\/uploads\/2020\/12\/Taller-_Relato-Fotografico_-19.png 787w, https:\/\/cultura.sma.gob.ar\/wp-content\/uploads\/2020\/12\/Taller-_Relato-Fotografico_-19-300x300.png 300w, https:\/\/cultura.sma.gob.ar\/wp-content\/uploads\/2020\/12\/Taller-_Relato-Fotografico_-19-150x150.png 150w, https:\/\/cultura.sma.gob.ar\/wp-content\/uploads\/2020\/12\/Taller-_Relato-Fotografico_-19-768x768.png 768w, https:\/\/cultura.sma.gob.ar\/wp-content\/uploads\/2020\/12\/Taller-_Relato-Fotografico_-19-90x90.png 90w\" sizes=\"auto, (max-width: 787px) 100vw, 787px\" \/><\/figure>\n\n\n\n<p><strong>\u201cFuego libre\u201d, cuentos, m\u00fasica y t\u00edteres<\/strong><\/p>\n\n\n\n<p>Por Ana Mugueta y Melisa Galluzzo<\/p>\n\n\n\n<ul class=\"wp-block-list\"><li>Viernes 11 de diciembre- 20:00 hs &#8211; En Piccolo<\/li><\/ul>\n\n\n\n<p><strong>Reserv\u00e1 tu lugar en la Secretar\u00eda de Cultura<\/strong><\/p>\n\n\n\n<p>Ana Mugueta, titiritera y cuentera. Integrante del grupo T\u00e9rraquea. Trabaja desde 2009 realizando funciones de t\u00edteres y narraci\u00f3n oral en todo el pa\u00eds. Melisa Galluzzo, m\u00fasica, compositora y profesora de m\u00fasica y canto. Participa en varios proyectos de m\u00fasica latinoamericana desde 2009 (ComparsaAgua de R\u00edo, Sue\u00f1an las pulgas, Mamachola, etc).<\/p>\n\n\n\n<p>Juntas hacen \u201cFuego Libre\u201d, un espect\u00e1culo que integra cuentos, m\u00fasica y t\u00edteres; una experiencia donde elementos y sensaciones florecen en el encuentro. Un recorrido que nos convida a recordar la libertad del juego y la identidad de nuestras historias.<\/p>\n","protected":false},"excerpt":{"rendered":"<p>Actividad presencial <a href=\"https:\/\/cultura.sma.gob.ar\/?p=698\" class=\"more-link\">Continue reading <span class=\"screen-reader-text\">Fuego Libre &#8211; 14\u00b0Feria Regional del Libro<\/span><\/a><\/p>\n","protected":false},"author":1,"featured_media":296,"comment_status":"closed","ping_status":"","sticky":false,"template":"","format":"image","meta":{"footnotes":""},"categories":[3,9],"tags":[],"class_list":["post-698","post","type-post","status-publish","format-image","has-post-thumbnail","hentry","category-eventos-cultura","category-ultimas-noticias","post_format-post-format-image"],"_links":{"self":[{"href":"https:\/\/cultura.sma.gob.ar\/index.php?rest_route=\/wp\/v2\/posts\/698","targetHints":{"allow":["GET"]}}],"collection":[{"href":"https:\/\/cultura.sma.gob.ar\/index.php?rest_route=\/wp\/v2\/posts"}],"about":[{"href":"https:\/\/cultura.sma.gob.ar\/index.php?rest_route=\/wp\/v2\/types\/post"}],"author":[{"embeddable":true,"href":"https:\/\/cultura.sma.gob.ar\/index.php?rest_route=\/wp\/v2\/users\/1"}],"replies":[{"embeddable":true,"href":"https:\/\/cultura.sma.gob.ar\/index.php?rest_route=%2Fwp%2Fv2%2Fcomments&post=698"}],"version-history":[{"count":2,"href":"https:\/\/cultura.sma.gob.ar\/index.php?rest_route=\/wp\/v2\/posts\/698\/revisions"}],"predecessor-version":[{"id":872,"href":"https:\/\/cultura.sma.gob.ar\/index.php?rest_route=\/wp\/v2\/posts\/698\/revisions\/872"}],"wp:featuredmedia":[{"embeddable":true,"href":"https:\/\/cultura.sma.gob.ar\/index.php?rest_route=\/wp\/v2\/media\/296"}],"wp:attachment":[{"href":"https:\/\/cultura.sma.gob.ar\/index.php?rest_route=%2Fwp%2Fv2%2Fmedia&parent=698"}],"wp:term":[{"taxonomy":"category","embeddable":true,"href":"https:\/\/cultura.sma.gob.ar\/index.php?rest_route=%2Fwp%2Fv2%2Fcategories&post=698"},{"taxonomy":"post_tag","embeddable":true,"href":"https:\/\/cultura.sma.gob.ar\/index.php?rest_route=%2Fwp%2Fv2%2Ftags&post=698"}],"curies":[{"name":"wp","href":"https:\/\/api.w.org\/{rel}","templated":true}]}}