{"id":692,"date":"2020-11-06T23:14:34","date_gmt":"2020-11-07T02:14:34","guid":{"rendered":"http:\/\/cultura.sma.gob.ar\/?p=692"},"modified":"2020-11-12T09:16:13","modified_gmt":"2020-11-12T12:16:13","slug":"marcelo-impemba-14-feria-regional-del-libro","status":"publish","type":"post","link":"https:\/\/cultura.sma.gob.ar\/?p=692","title":{"rendered":"Marcelo Impemba &#8211; 14\u00b0 Feria Regional del Libro"},"content":{"rendered":"\n<figure class=\"wp-block-image size-large\"><img loading=\"lazy\" decoding=\"async\" width=\"787\" height=\"781\" src=\"http:\/\/cultura.sma.gob.ar\/wp-content\/uploads\/2020\/11\/marcelo-impemba.png\" alt=\"\" class=\"wp-image-770\" srcset=\"https:\/\/cultura.sma.gob.ar\/wp-content\/uploads\/2020\/11\/marcelo-impemba.png 787w, https:\/\/cultura.sma.gob.ar\/wp-content\/uploads\/2020\/11\/marcelo-impemba-300x298.png 300w, https:\/\/cultura.sma.gob.ar\/wp-content\/uploads\/2020\/11\/marcelo-impemba-150x150.png 150w, https:\/\/cultura.sma.gob.ar\/wp-content\/uploads\/2020\/11\/marcelo-impemba-768x762.png 768w, https:\/\/cultura.sma.gob.ar\/wp-content\/uploads\/2020\/11\/marcelo-impemba-91x90.png 91w\" sizes=\"auto, (max-width: 787px) 100vw, 787px\" \/><\/figure>\n\n\n\n<p><strong>Marcelo Impemba<\/strong><\/p>\n\n\n\n<p>Presenta \u201cNati: el tiempo congelado es un laberinto eterno\u201d<\/p>\n\n\n\n<ul class=\"wp-block-list\"><li>Viernes 13- 19:30 hs &#8211; v\u00eda Zoom<\/li><\/ul>\n\n\n\n<p><\/p>\n\n\n\n<p>El escritor Marcelo Impemba presenta su novela \u201cNati: el tiempo congelado es un laberinto eterno\u201d, un relato de no ficci\u00f3n donde aporta una mirada cr\u00edtica sobre lo sucedido y nos propone recorrer junto a Nati un pueblo de monta\u00f1a donde todos se conoc\u00edan, y comenzaba a dejar paso a una ciudad diferente.<\/p>\n","protected":false},"excerpt":{"rendered":"<p>Actividad presencial <a href=\"https:\/\/cultura.sma.gob.ar\/?p=692\" class=\"more-link\">Continue reading <span class=\"screen-reader-text\">Marcelo Impemba &#8211; 14\u00b0 Feria Regional del Libro<\/span><\/a><\/p>\n","protected":false},"author":1,"featured_media":296,"comment_status":"closed","ping_status":"","sticky":false,"template":"","format":"image","meta":{"footnotes":""},"categories":[3,9],"tags":[],"class_list":["post-692","post","type-post","status-publish","format-image","has-post-thumbnail","hentry","category-eventos-cultura","category-ultimas-noticias","post_format-post-format-image"],"_links":{"self":[{"href":"https:\/\/cultura.sma.gob.ar\/index.php?rest_route=\/wp\/v2\/posts\/692","targetHints":{"allow":["GET"]}}],"collection":[{"href":"https:\/\/cultura.sma.gob.ar\/index.php?rest_route=\/wp\/v2\/posts"}],"about":[{"href":"https:\/\/cultura.sma.gob.ar\/index.php?rest_route=\/wp\/v2\/types\/post"}],"author":[{"embeddable":true,"href":"https:\/\/cultura.sma.gob.ar\/index.php?rest_route=\/wp\/v2\/users\/1"}],"replies":[{"embeddable":true,"href":"https:\/\/cultura.sma.gob.ar\/index.php?rest_route=%2Fwp%2Fv2%2Fcomments&post=692"}],"version-history":[{"count":2,"href":"https:\/\/cultura.sma.gob.ar\/index.php?rest_route=\/wp\/v2\/posts\/692\/revisions"}],"predecessor-version":[{"id":771,"href":"https:\/\/cultura.sma.gob.ar\/index.php?rest_route=\/wp\/v2\/posts\/692\/revisions\/771"}],"wp:featuredmedia":[{"embeddable":true,"href":"https:\/\/cultura.sma.gob.ar\/index.php?rest_route=\/wp\/v2\/media\/296"}],"wp:attachment":[{"href":"https:\/\/cultura.sma.gob.ar\/index.php?rest_route=%2Fwp%2Fv2%2Fmedia&parent=692"}],"wp:term":[{"taxonomy":"category","embeddable":true,"href":"https:\/\/cultura.sma.gob.ar\/index.php?rest_route=%2Fwp%2Fv2%2Fcategories&post=692"},{"taxonomy":"post_tag","embeddable":true,"href":"https:\/\/cultura.sma.gob.ar\/index.php?rest_route=%2Fwp%2Fv2%2Ftags&post=692"}],"curies":[{"name":"wp","href":"https:\/\/api.w.org\/{rel}","templated":true}]}}