{"id":689,"date":"2020-11-06T23:11:04","date_gmt":"2020-11-07T02:11:04","guid":{"rendered":"http:\/\/cultura.sma.gob.ar\/?p=689"},"modified":"2020-11-06T23:11:04","modified_gmt":"2020-11-07T02:11:04","slug":"maiten-canicul-14-feria-regional-del-libro","status":"publish","type":"post","link":"https:\/\/cultura.sma.gob.ar\/?p=689","title":{"rendered":"Maiten Ca\u00f1icul &#8211; 14\u00b0 Feria Regional del Libro"},"content":{"rendered":"\n<figure class=\"wp-block-image size-large\"><img loading=\"lazy\" decoding=\"async\" width=\"767\" height=\"759\" src=\"http:\/\/cultura.sma.gob.ar\/wp-content\/uploads\/2020\/11\/MAITEN-CANICUL.png\" alt=\"\" class=\"wp-image-690\" srcset=\"https:\/\/cultura.sma.gob.ar\/wp-content\/uploads\/2020\/11\/MAITEN-CANICUL.png 767w, https:\/\/cultura.sma.gob.ar\/wp-content\/uploads\/2020\/11\/MAITEN-CANICUL-300x297.png 300w, https:\/\/cultura.sma.gob.ar\/wp-content\/uploads\/2020\/11\/MAITEN-CANICUL-91x90.png 91w\" sizes=\"auto, (max-width: 767px) 100vw, 767px\" \/><\/figure>\n\n\n\n<p><strong>Maiten Ca\u00f1icul<\/strong><\/p>\n\n\n\n<p>Presenta <strong>\u201cRay\u00fcn\u201d\u00a0<\/strong><\/p>\n\n\n\n<p>S\u00e1bado 12- 19:00 hs &#8211; en Morphen<\/p>\n\n\n\n<p><strong>Reserv\u00e1 tu lugar en el restaurante<\/strong><\/p>\n\n\n\n<p>Maiten naci\u00f3 en Junin de los Andes, es comunicadora, estudiante y perteneciente al pueblo Mapuche. Participa activamente de diversos colectivos de comunicaci\u00f3n y organizaciones del pueblo Mapuche.&nbsp;<\/p>\n\n\n\n<p>Ray\u00fcn es un poemario personal que se construy\u00f3 a ra\u00edz de vivencias colectivas y que pone en palabras varios aspectos de la crianza y vida mapuche. Est\u00e1 muy presente una narrativa que ancla en lo hist\u00f3rico, en la memoria como herencia, como legado de un pueblo y tambi\u00e9n sobre lo hist\u00f3rico-familiar-territorial.&nbsp;<\/p>\n","protected":false},"excerpt":{"rendered":"<p>Actividad presencial <a href=\"https:\/\/cultura.sma.gob.ar\/?p=689\" class=\"more-link\">Continue reading <span class=\"screen-reader-text\">Maiten Ca\u00f1icul &#8211; 14\u00b0 Feria Regional del Libro<\/span><\/a><\/p>\n","protected":false},"author":1,"featured_media":296,"comment_status":"closed","ping_status":"","sticky":false,"template":"","format":"image","meta":{"footnotes":""},"categories":[3,9],"tags":[],"class_list":["post-689","post","type-post","status-publish","format-image","has-post-thumbnail","hentry","category-eventos-cultura","category-ultimas-noticias","post_format-post-format-image"],"_links":{"self":[{"href":"https:\/\/cultura.sma.gob.ar\/index.php?rest_route=\/wp\/v2\/posts\/689","targetHints":{"allow":["GET"]}}],"collection":[{"href":"https:\/\/cultura.sma.gob.ar\/index.php?rest_route=\/wp\/v2\/posts"}],"about":[{"href":"https:\/\/cultura.sma.gob.ar\/index.php?rest_route=\/wp\/v2\/types\/post"}],"author":[{"embeddable":true,"href":"https:\/\/cultura.sma.gob.ar\/index.php?rest_route=\/wp\/v2\/users\/1"}],"replies":[{"embeddable":true,"href":"https:\/\/cultura.sma.gob.ar\/index.php?rest_route=%2Fwp%2Fv2%2Fcomments&post=689"}],"version-history":[{"count":1,"href":"https:\/\/cultura.sma.gob.ar\/index.php?rest_route=\/wp\/v2\/posts\/689\/revisions"}],"predecessor-version":[{"id":691,"href":"https:\/\/cultura.sma.gob.ar\/index.php?rest_route=\/wp\/v2\/posts\/689\/revisions\/691"}],"wp:featuredmedia":[{"embeddable":true,"href":"https:\/\/cultura.sma.gob.ar\/index.php?rest_route=\/wp\/v2\/media\/296"}],"wp:attachment":[{"href":"https:\/\/cultura.sma.gob.ar\/index.php?rest_route=%2Fwp%2Fv2%2Fmedia&parent=689"}],"wp:term":[{"taxonomy":"category","embeddable":true,"href":"https:\/\/cultura.sma.gob.ar\/index.php?rest_route=%2Fwp%2Fv2%2Fcategories&post=689"},{"taxonomy":"post_tag","embeddable":true,"href":"https:\/\/cultura.sma.gob.ar\/index.php?rest_route=%2Fwp%2Fv2%2Ftags&post=689"}],"curies":[{"name":"wp","href":"https:\/\/api.w.org\/{rel}","templated":true}]}}