{"id":686,"date":"2020-11-06T23:04:44","date_gmt":"2020-11-07T02:04:44","guid":{"rendered":"http:\/\/cultura.sma.gob.ar\/?p=686"},"modified":"2020-11-06T23:04:44","modified_gmt":"2020-11-07T02:04:44","slug":"facundo-vasquez-herrera-14-feria-regional-del-libro","status":"publish","type":"post","link":"https:\/\/cultura.sma.gob.ar\/?p=686","title":{"rendered":"Facundo Vasquez Herrera &#8211; 14\u00b0 Feria Regional del Libro"},"content":{"rendered":"\n<figure class=\"wp-block-image size-large\"><img loading=\"lazy\" decoding=\"async\" width=\"795\" height=\"783\" src=\"http:\/\/cultura.sma.gob.ar\/wp-content\/uploads\/2020\/11\/facundo.png\" alt=\"\" class=\"wp-image-687\" srcset=\"https:\/\/cultura.sma.gob.ar\/wp-content\/uploads\/2020\/11\/facundo.png 795w, https:\/\/cultura.sma.gob.ar\/wp-content\/uploads\/2020\/11\/facundo-300x295.png 300w, https:\/\/cultura.sma.gob.ar\/wp-content\/uploads\/2020\/11\/facundo-768x756.png 768w, https:\/\/cultura.sma.gob.ar\/wp-content\/uploads\/2020\/11\/facundo-91x90.png 91w\" sizes=\"auto, (max-width: 795px) 100vw, 795px\" \/><\/figure>\n\n\n\n<p><strong>Facundo Vasquez Herrera<\/strong><\/p>\n\n\n\n<p>Presenta <strong>\u201cLos versos del argos monta\u00f1\u00e9s\u201d<\/strong><\/p>\n\n\n\n<ul class=\"wp-block-list\"><li>Jueves 12- 18:45 hs &#8211; en Morphen<\/li><\/ul>\n\n\n\n<p><strong>Reserv\u00e1 tu lugar en el restaurante<\/strong><\/p>\n\n\n\n<p>Facundo Vasquez Herrera es nacido y criado en San Mart\u00edn de los Andes. Apasionado por la belleza natural de este lugar, disfruta las monta\u00f1as, la lluvia, la nieve. Su poemario \u201cLos versos del argos monta\u00f1\u00e9s\u201d re\u00fane historias y pasajes que han trazado su vida a trav\u00e9s de los a\u00f1os.\u00a0<\/p>\n","protected":false},"excerpt":{"rendered":"<p>Actividad presencial. <a href=\"https:\/\/cultura.sma.gob.ar\/?p=686\" class=\"more-link\">Continue reading <span class=\"screen-reader-text\">Facundo Vasquez Herrera &#8211; 14\u00b0 Feria Regional del Libro<\/span><\/a><\/p>\n","protected":false},"author":1,"featured_media":296,"comment_status":"closed","ping_status":"","sticky":false,"template":"","format":"image","meta":{"footnotes":""},"categories":[3,9],"tags":[],"class_list":["post-686","post","type-post","status-publish","format-image","has-post-thumbnail","hentry","category-eventos-cultura","category-ultimas-noticias","post_format-post-format-image"],"_links":{"self":[{"href":"https:\/\/cultura.sma.gob.ar\/index.php?rest_route=\/wp\/v2\/posts\/686","targetHints":{"allow":["GET"]}}],"collection":[{"href":"https:\/\/cultura.sma.gob.ar\/index.php?rest_route=\/wp\/v2\/posts"}],"about":[{"href":"https:\/\/cultura.sma.gob.ar\/index.php?rest_route=\/wp\/v2\/types\/post"}],"author":[{"embeddable":true,"href":"https:\/\/cultura.sma.gob.ar\/index.php?rest_route=\/wp\/v2\/users\/1"}],"replies":[{"embeddable":true,"href":"https:\/\/cultura.sma.gob.ar\/index.php?rest_route=%2Fwp%2Fv2%2Fcomments&post=686"}],"version-history":[{"count":1,"href":"https:\/\/cultura.sma.gob.ar\/index.php?rest_route=\/wp\/v2\/posts\/686\/revisions"}],"predecessor-version":[{"id":688,"href":"https:\/\/cultura.sma.gob.ar\/index.php?rest_route=\/wp\/v2\/posts\/686\/revisions\/688"}],"wp:featuredmedia":[{"embeddable":true,"href":"https:\/\/cultura.sma.gob.ar\/index.php?rest_route=\/wp\/v2\/media\/296"}],"wp:attachment":[{"href":"https:\/\/cultura.sma.gob.ar\/index.php?rest_route=%2Fwp%2Fv2%2Fmedia&parent=686"}],"wp:term":[{"taxonomy":"category","embeddable":true,"href":"https:\/\/cultura.sma.gob.ar\/index.php?rest_route=%2Fwp%2Fv2%2Fcategories&post=686"},{"taxonomy":"post_tag","embeddable":true,"href":"https:\/\/cultura.sma.gob.ar\/index.php?rest_route=%2Fwp%2Fv2%2Ftags&post=686"}],"curies":[{"name":"wp","href":"https:\/\/api.w.org\/{rel}","templated":true}]}}