{"id":683,"date":"2020-11-06T22:58:45","date_gmt":"2020-11-07T01:58:45","guid":{"rendered":"http:\/\/cultura.sma.gob.ar\/?p=683"},"modified":"2020-11-06T22:58:45","modified_gmt":"2020-11-07T01:58:45","slug":"eripia-agenda-para-escribir-y-promover-la-escritura-14feria-regional-del-libro","status":"publish","type":"post","link":"https:\/\/cultura.sma.gob.ar\/?p=683","title":{"rendered":"Eripia: agenda para escribir y promover la escritura &#8211; 14\u00b0Feria Regional del Libro"},"content":{"rendered":"\n<figure class=\"wp-block-image size-large\"><img loading=\"lazy\" decoding=\"async\" width=\"779\" height=\"785\" src=\"http:\/\/cultura.sma.gob.ar\/wp-content\/uploads\/2020\/11\/juelita-sanchez.png\" alt=\"\" class=\"wp-image-684\" srcset=\"https:\/\/cultura.sma.gob.ar\/wp-content\/uploads\/2020\/11\/juelita-sanchez.png 779w, https:\/\/cultura.sma.gob.ar\/wp-content\/uploads\/2020\/11\/juelita-sanchez-298x300.png 298w, https:\/\/cultura.sma.gob.ar\/wp-content\/uploads\/2020\/11\/juelita-sanchez-150x150.png 150w, https:\/\/cultura.sma.gob.ar\/wp-content\/uploads\/2020\/11\/juelita-sanchez-768x774.png 768w, https:\/\/cultura.sma.gob.ar\/wp-content\/uploads\/2020\/11\/juelita-sanchez-89x90.png 89w\" sizes=\"auto, (max-width: 779px) 100vw, 779px\" \/><\/figure>\n\n\n\n<p><strong>Julieta S\u00e1nchez, M\u00f3nica Conti, Alejandra Arce y Ver\u00f3nica Arce<\/strong><\/p>\n\n\n\n<p>Presentan \u201cEripia- agenda para escribir y promover la lectura\u201d<\/p>\n\n\n\n<ul class=\"wp-block-list\"><li>Miercoles 11- 18:00 hs &#8211; en Dublin<\/li><\/ul>\n\n\n\n<p><strong>Reserv\u00e1 tu lugar en el restaurante<\/strong><\/p>\n\n\n\n<p>Julieta S\u00e1nchez, docente y escritora; M\u00f3nica Conti, ilustradora; Alejandra Arce y Ver\u00f3nica Arce, dise\u00f1adoras, presentan Eripia, una agenda perpetua con consignas de escritura creativa y frases reflexivas, destinada a quienes les gusta escribir, a quienes quieren empezar a hacerlo y a docentes de lengua y literatura, ya que cuenta con un libro digital gratuito con ideas para promocionar la reflexi\u00f3n metaling\u00fc\u00edstica de las consignas de invenci\u00f3n.&nbsp;&nbsp;&nbsp;<\/p>\n","protected":false},"excerpt":{"rendered":"<p>Actividad presencial. <a href=\"https:\/\/cultura.sma.gob.ar\/?p=683\" class=\"more-link\">Continue reading <span class=\"screen-reader-text\">Eripia: agenda para escribir y promover la escritura &#8211; 14\u00b0Feria Regional del Libro<\/span><\/a><\/p>\n","protected":false},"author":1,"featured_media":296,"comment_status":"closed","ping_status":"","sticky":false,"template":"","format":"image","meta":{"footnotes":""},"categories":[3,9],"tags":[],"class_list":["post-683","post","type-post","status-publish","format-image","has-post-thumbnail","hentry","category-eventos-cultura","category-ultimas-noticias","post_format-post-format-image"],"_links":{"self":[{"href":"https:\/\/cultura.sma.gob.ar\/index.php?rest_route=\/wp\/v2\/posts\/683","targetHints":{"allow":["GET"]}}],"collection":[{"href":"https:\/\/cultura.sma.gob.ar\/index.php?rest_route=\/wp\/v2\/posts"}],"about":[{"href":"https:\/\/cultura.sma.gob.ar\/index.php?rest_route=\/wp\/v2\/types\/post"}],"author":[{"embeddable":true,"href":"https:\/\/cultura.sma.gob.ar\/index.php?rest_route=\/wp\/v2\/users\/1"}],"replies":[{"embeddable":true,"href":"https:\/\/cultura.sma.gob.ar\/index.php?rest_route=%2Fwp%2Fv2%2Fcomments&post=683"}],"version-history":[{"count":1,"href":"https:\/\/cultura.sma.gob.ar\/index.php?rest_route=\/wp\/v2\/posts\/683\/revisions"}],"predecessor-version":[{"id":685,"href":"https:\/\/cultura.sma.gob.ar\/index.php?rest_route=\/wp\/v2\/posts\/683\/revisions\/685"}],"wp:featuredmedia":[{"embeddable":true,"href":"https:\/\/cultura.sma.gob.ar\/index.php?rest_route=\/wp\/v2\/media\/296"}],"wp:attachment":[{"href":"https:\/\/cultura.sma.gob.ar\/index.php?rest_route=%2Fwp%2Fv2%2Fmedia&parent=683"}],"wp:term":[{"taxonomy":"category","embeddable":true,"href":"https:\/\/cultura.sma.gob.ar\/index.php?rest_route=%2Fwp%2Fv2%2Fcategories&post=683"},{"taxonomy":"post_tag","embeddable":true,"href":"https:\/\/cultura.sma.gob.ar\/index.php?rest_route=%2Fwp%2Fv2%2Ftags&post=683"}],"curies":[{"name":"wp","href":"https:\/\/api.w.org\/{rel}","templated":true}]}}