{"id":6818,"date":"2026-01-19T09:50:49","date_gmt":"2026-01-19T12:50:49","guid":{"rendered":"https:\/\/cultura.sma.gob.ar\/?p=6818"},"modified":"2026-01-19T09:50:49","modified_gmt":"2026-01-19T12:50:49","slug":"noche-de-los-museos-y-las-salas-de-arte","status":"publish","type":"post","link":"https:\/\/cultura.sma.gob.ar\/?p=6818","title":{"rendered":"Noche de los Museos y las Salas de Arte"},"content":{"rendered":"\n<p><em>Es un evento de entrada libre y gratuita, que consiste en abrir todos los museos y salas de arte de la ciudad, este viernes 23 de enero, entre las 19:00 y las 00:00. Genera un circuito cultural que establece un di\u00e1logo interdisciplinario entre los distintos espacios expositivos, promocion\u00e1ndolos de un modo diferente.\u00a0<\/em><\/p>\n\n\n\n<figure class=\"wp-block-gallery has-nested-images columns-default is-cropped wp-block-gallery-1 is-layout-flex wp-block-gallery-is-layout-flex\">\n<figure class=\"wp-block-image size-large\"><img loading=\"lazy\" decoding=\"async\" width=\"576\" height=\"1024\" data-id=\"6821\" src=\"https:\/\/cultura.sma.gob.ar\/wp-content\/uploads\/2026\/01\/SMA-PH3-576x1024.jpg\" alt=\"\" class=\"wp-image-6821\" srcset=\"https:\/\/cultura.sma.gob.ar\/wp-content\/uploads\/2026\/01\/SMA-PH3-576x1024.jpg 576w, https:\/\/cultura.sma.gob.ar\/wp-content\/uploads\/2026\/01\/SMA-PH3-169x300.jpg 169w, https:\/\/cultura.sma.gob.ar\/wp-content\/uploads\/2026\/01\/SMA-PH3-768x1365.jpg 768w, https:\/\/cultura.sma.gob.ar\/wp-content\/uploads\/2026\/01\/SMA-PH3-864x1536.jpg 864w, https:\/\/cultura.sma.gob.ar\/wp-content\/uploads\/2026\/01\/SMA-PH3-1152x2048.jpg 1152w, https:\/\/cultura.sma.gob.ar\/wp-content\/uploads\/2026\/01\/SMA-PH3-51x90.jpg 51w, https:\/\/cultura.sma.gob.ar\/wp-content\/uploads\/2026\/01\/SMA-PH3-scaled.jpg 1440w\" sizes=\"auto, (max-width: 576px) 100vw, 576px\" \/><\/figure>\n<\/figure>\n\n\n\n<p><strong>\u00bfQui\u00e9nes son los museos y salas que participan?<\/strong><\/p>\n\n\n\n<p><strong>1 &#8211; Museo Municipal Primeros Pobladores. <\/strong><em>Juan Manuel de Rosas al 500<\/em><\/p>\n\n\n\n<p>Es un edificio patrimonial construido en 1931, fue la sede de la primera Comisi\u00f3n de Fomento y un ejemplo de la arquitectura del \u201cper\u00edodo fundacional\u201d de San Mart\u00edn de los Andes. Actualmente presenta la muestra \u201cEl valle del Pocahullo\u201d que recoge fragmentos de la historia local desde tiempos precolombinos hasta la d\u00e9cada del 60.<\/p>\n\n\n\n<p><strong>2 &#8211; Centro de Visitantes y Museo del Parque Nacional&nbsp;Lan\u00edn. <\/strong><em>Emilio Frey 749<\/em>&nbsp;<\/p>\n\n\n\n<p>A 80 a\u00f1os de su construcci\u00f3n, la antigua Intendencia del Parque Nacional Lan\u00edn \u2013\u00fanico edificio de la ciudad declarado Monumento Hist\u00f3rico Nacional- abre sus puertas en el marco de la Noche de los Museos. Su impronta arquitect\u00f3nica, propia de la \u00e9poca que dio origen al sistema de Parques Nacionales, nos conecta con el pasado e invita a reflexionar sobre el presente. Estos espacios culturales, como verdaderos \u201clibros abiertos\u201d, nos ayudan a interpretar los distintos contextos hist\u00f3ricos y a vincularlos con una mirada actual, puesta en la conservaci\u00f3n de los ambientes del \u00e1rea protegida.<\/p>\n\n\n\n<p><strong>3 &#8211; Edificio San Jos\u00e9. <\/strong><em>Cap. Drury 759<\/em><\/p>\n\n\n\n<p>Este edificio nace como iglesia cat\u00f3lica en 1923, est\u00e1 construido con madera de raul\u00ed y es representativo de la arquitectura del per\u00edodo fundacional. En 1982 fue adquirido por la Municipalidad para que funcione all\u00ed el Teatro Municipal. Con motivo de cumplirse 100 a\u00f1os del edificio, se realiz\u00f3 durante 2023 una importante obra de restauraci\u00f3n y fue declarado Patrimonio Hist\u00f3rico Provincial.<\/p>\n\n\n\n<p><strong>4 &#8211; Escuadr\u00f3n N\u00b033 Gendarmer\u00eda Nacional. <\/strong><em>Tte. Gral. Roca 901, esquina Belgrano<\/em><\/p>\n\n\n\n<p>Esta unidad de frontera se cre\u00f3 en mayo de 1942, participando en esta especial ocasi\u00f3n con exhibici\u00f3n de patrullas, personal con uniformes hist\u00f3ricos, veh\u00edculos de la fuerza, y una visita a la sala hist\u00f3rica. Su edificio fue declarado de valor hist\u00f3rico y patrimonial en 2012, por brindar resguardo a esta fuerza de seguridad militar desde su llegada a la regi\u00f3n.<\/p>\n\n\n\n<p><strong>5 &#8211; Casa Hist\u00f3rica Chidiak. <\/strong><em>Tte. Gral. Roca 1084<\/em><\/p>\n\n\n\n<p>Fue construida en 1907 y perteneci\u00f3 a una de las familias pioneras de la localidad. Para su resguardo y preservaci\u00f3n, en 2003 fue adquirida por Cotesma, la cooperativa telef\u00f3nica local, que desarroll\u00f3 un extraordinario trabajo de recuperaci\u00f3n y restauraci\u00f3n del inmueble. En su interior se recrea la ambientaci\u00f3n t\u00edpica de una casa de principios del siglo XX.<\/p>\n\n\n\n<p><strong>5 &#8211; Museo de Historia Natural. <\/strong><em>Cap. Drury 925<\/em><\/p>\n\n\n\n<p>Este nuevo espacio nos invita a conocer nuestro pasado y presente en la regi\u00f3n. Mediante r\u00e9plicas de f\u00f3siles y maquetas, expone la fauna extinta de la Patagonia y la provincia del Neuqu\u00e9n, desde la \u00faltima glaciaci\u00f3n hace 20 mil a\u00f1os y la era de los dinosaurios por millones de a\u00f1os. En su primer piso se aprende sobre la evoluci\u00f3n de los primeros hom\u00ednidos, reconocimiento de&nbsp; fauna del bosque andino patag\u00f3nico y la estepa y se incluye carteler\u00eda informativa del Parque Nacional Lan\u00edn<\/p>\n\n\n\n<p><strong>7 &#8211; La Pastera, Museo del Che. <\/strong><em>Sarmiento, esquina Rudecindo Roca<\/em><\/p>\n\n\n\n<p>La Pastera es una alternativa distinta para conocer la vida, obra y el pensamiento de Ernesto Che Guevara. El edificio es una pieza hist\u00f3rica; preservada, recuperada y puesta en valor. All\u00ed pernoctaron Ernesto Guevara y Alberto Granado durante el viaje en motocicleta que realizaron por Sudam\u00e9rica en 1952.&nbsp;<\/p>\n\n\n\n<p><strong>8 &#8211; Sala Municipal de Exposiciones&nbsp;Lidaura&nbsp;Chapitel. <\/strong><em>Cap. Drury 665<\/em><\/p>\n\n\n\n<p>Durante todo el a\u00f1o exhibe muestras de artistas visuales, tanto de San Mart\u00edn de los Andes como de otras ciudades del pa\u00eds, seleccionados por un jurado externo. Tambi\u00e9n alberga presentaciones con tem\u00e1ticas espec\u00edficas asociadas a eventos culturales. Se podr\u00e1n visualizar obras fotogr\u00e1ficas de Olivia Gentili Gipler, Patricio Rodriguez y el escultor Manuel Cuffoni, invitados por la Asociaci\u00f3n Amigos de la Sala.<\/p>\n\n\n\n<p><strong>9 &#8211; Galer\u00eda de Arte&nbsp;Rub\u00ed. <\/strong>Villegas 851<\/p>\n\n\n\n<p>Este espacio art\u00edstico es una joya que abri\u00f3 sus puertas de forma reciente. Incluye exposici\u00f3n y venta de obras con t\u00e9cnicas mixtas (pintura con acuarelas y \u00f3leos, cer\u00e1mica, escultura,&nbsp; entre otros) y es atendido por artistas locales; Gabriel Chamorro, Marisa y Carina Perello, entre otros colaboradores. Fue declarado de Inter\u00e9s legislativo por la Provincia del Neuqu\u00e9n.<\/p>\n\n\n\n<p><strong>10 &#8211; Sala G\u00fcnther Blaas. <\/strong>Tte. Gral. Roca 1154<\/p>\n\n\n\n<p>Es el espacio expositivo del Centro Cultural Cotesma, en el que han expuesto a lo largo de los a\u00f1os una innumerable cantidad de artistas, tanto emergentes como consagrados. Lleva el nombre del entra\u00f1able pintor y escultor austr\u00edaco, radicado en San Mart\u00edn de los Andes en 1971. Para este evento, la Sala Ghunter Blaas presentar\u00e1 una muestra de la acuarelista Pastora Fileni, inspirado en paisajes patag\u00f3nicos, esteparios, animales y paisajes de otras provincias.<\/p>\n\n\n\n<p><strong>11 &#8211; Colecci\u00f3n&nbsp;Georg <\/strong><em>(visitas guiadas con reserva previa en la Sala de Exposiciones. Horarios: 19:30 h y 21:00 h).<\/em><\/p>\n\n\n\n<p>Aqu\u00ed se encuentran las obras pict\u00f3ricas y fotogr\u00e1ficas de diez integrantes de la familia Miciu, junto a pinturas y esculturas de otros artistas, en su mayor\u00eda de la Patagonia. El edificio que alberga esta colecci\u00f3n, desarrollado bajo el concepto de galer\u00eda-museo, y el entorno en el que se emplaza, representan un atractivo en s\u00ed mismo.<\/p>\n\n\n\n<p><em><strong>ACTIVIDADES ANEXAS<\/strong>:<\/em><\/p>\n\n\n\n<p><strong>SALA MUNICIPAL DE EXPOSICIONES &#8220;LIDAURA CHAPITEL&#8221;<\/strong><\/p>\n\n\n\n<p><em>VISITA GUIADA POR ARTISTA MANUEL CUFFONI &#8211;<\/em>&nbsp;El escultor realizar\u00e1 un repaso por sus obras y sus historias, en el marco de la exposici\u00f3n organizada por la Asociaci\u00f3n Amigos de la Sala. Horario: 20:00 h<\/p>\n\n\n\n<p><em>CONJUNTO DE TANGO &#8211;<\/em>&nbsp;A partir de las 19:30 h, frente a la Sala Municipal de Exposiciones Lidaura Chapitel. Integrado por Martin Vargas, Franco Leyva, Martina Tora\u00f1o y Mar\u00eda Laura Rubio<\/p>\n\n\n\n<p><strong>SALIDAS A LA COLECCI\u00d3N GEORG.<\/strong><\/p>\n\n\n\n<p>Para anotarse, acercarse&nbsp;a la Sala de Exposiciones \u201cLidaura Chapitel\u201d.&nbsp;<\/p>\n\n\n\n<p>Horarios 19:30 h y 21:00 h<\/p>\n\n\n\n<p><strong>TEATRO SAN JOS\u00c9<\/strong><\/p>\n\n\n\n<p><em>VISITAS GUIADAS &#8220;100 a\u00f1os de historia: de Capilla a Teatro&#8221;<\/em><\/p>\n\n\n\n<p>Horarios&nbsp;19:00 h, 20:00 h y 21:00 h<\/p>\n\n\n\n<p><strong><br><\/strong><strong>SALA G\u00dcNTHER BLAAS<\/strong><\/p>\n\n\n\n<p><em>INAUGURACI\u00d3N DE MUESTRA &#8220;SEMILLERO&#8221; POR PASTORA FILENI<\/em>.&nbsp; Se presenta esta muestra de acuarelas con m\u00e1s de 15 obras, inspiradas en paisajes patag\u00f3nicos, esteparios, animales y paisajes de otras provincias. Horario: 20:00 h<\/p>\n","protected":false},"excerpt":{"rendered":"<p>Es un evento de entrada libre y gratuita, que consiste en abrir todos los museos y salas de arte de la ciudad, este viernes 23 de enero, entre las 19:00 y las 00:00. Genera un circuito cultural que establece un di\u00e1logo interdisciplinario entre los distintos espacios expositivos, promocion\u00e1ndolos de un modo diferente.\u00a0 \u00bfQui\u00e9nes son los museos y salas que participan? 1 &#8211; Museo Municipal Primeros &hellip; <a href=\"https:\/\/cultura.sma.gob.ar\/?p=6818\" class=\"more-link\">Continue reading <span class=\"screen-reader-text\">Noche de los Museos y las Salas de Arte<\/span><\/a><\/p>\n","protected":false},"author":3,"featured_media":291,"comment_status":"closed","ping_status":"","sticky":false,"template":"","format":"image","meta":{"footnotes":""},"categories":[3,5,9],"tags":[],"class_list":["post-6818","post","type-post","status-publish","format-image","has-post-thumbnail","hentry","category-eventos-cultura","category-patrimonio-cultural","category-ultimas-noticias","post_format-post-format-image"],"_links":{"self":[{"href":"https:\/\/cultura.sma.gob.ar\/index.php?rest_route=\/wp\/v2\/posts\/6818","targetHints":{"allow":["GET"]}}],"collection":[{"href":"https:\/\/cultura.sma.gob.ar\/index.php?rest_route=\/wp\/v2\/posts"}],"about":[{"href":"https:\/\/cultura.sma.gob.ar\/index.php?rest_route=\/wp\/v2\/types\/post"}],"author":[{"embeddable":true,"href":"https:\/\/cultura.sma.gob.ar\/index.php?rest_route=\/wp\/v2\/users\/3"}],"replies":[{"embeddable":true,"href":"https:\/\/cultura.sma.gob.ar\/index.php?rest_route=%2Fwp%2Fv2%2Fcomments&post=6818"}],"version-history":[{"count":1,"href":"https:\/\/cultura.sma.gob.ar\/index.php?rest_route=\/wp\/v2\/posts\/6818\/revisions"}],"predecessor-version":[{"id":6822,"href":"https:\/\/cultura.sma.gob.ar\/index.php?rest_route=\/wp\/v2\/posts\/6818\/revisions\/6822"}],"wp:featuredmedia":[{"embeddable":true,"href":"https:\/\/cultura.sma.gob.ar\/index.php?rest_route=\/wp\/v2\/media\/291"}],"wp:attachment":[{"href":"https:\/\/cultura.sma.gob.ar\/index.php?rest_route=%2Fwp%2Fv2%2Fmedia&parent=6818"}],"wp:term":[{"taxonomy":"category","embeddable":true,"href":"https:\/\/cultura.sma.gob.ar\/index.php?rest_route=%2Fwp%2Fv2%2Fcategories&post=6818"},{"taxonomy":"post_tag","embeddable":true,"href":"https:\/\/cultura.sma.gob.ar\/index.php?rest_route=%2Fwp%2Fv2%2Ftags&post=6818"}],"curies":[{"name":"wp","href":"https:\/\/api.w.org\/{rel}","templated":true}]}}